{"id":28599,"date":"2023-12-11T15:26:54","date_gmt":"2023-12-11T14:26:54","guid":{"rendered":"http:\/\/www.studiogera.de\/001\/?p=28599"},"modified":"2023-12-11T15:26:56","modified_gmt":"2023-12-11T14:26:56","slug":"einbruch-in-schoenheitssalon","status":"publish","type":"post","link":"https:\/\/www.studiogera.de\/001\/2023\/12\/11\/einbruch-in-schoenheitssalon\/","title":{"rendered":"EINBRUCH IN SCH\u00d6NHEITSSALON"},"content":{"rendered":"\n<p>Vermutlich gelangten sie \u00fcber die r\u00fcckw\u00e4rtige Seites ins Innere des Gesch\u00e4ftshauses. Gemeint sind die Einbrecher, welche am Wochenende vom 9. bis 10 Dezember gewaltsam in einen Sch\u00f6nheitssalon in der Fasaneriestra\u00dfe in Gera einbrachen. Im dem Salon selbst durchw\u00fchlten die T\u00e4ter Schr\u00e4nke und Regale und stahlen schlie\u00dflich aufgefundenes Bargeld und diverse Kosmetikartikel. Die KPI in Gera ermittelt nun dazu mit der Bezugsnummer 0321880\/2023 und nimmt Zeugenhinweise unter der Rufnummer 0365 82341465 entgegen.\u00a0<\/p>\n","protected":false},"excerpt":{"rendered":"<div class=\"mh-excerpt\"><p>Vermutlich gelangten sie \u00fcber die r\u00fcckw\u00e4rtige Seites ins Innere des Gesch\u00e4ftshauses. Gemeint sind die Einbrecher, welche am Wochenende vom 9. bis 10 Dezember gewaltsam in einen Sch\u00f6nheitssalon in der Fasaneriestra\u00dfe in Gera einbrachen. Im dem <a class=\"mh-excerpt-more\" href=\"https:\/\/www.studiogera.de\/001\/2023\/12\/11\/einbruch-in-schoenheitssalon\/\" title=\"EINBRUCH IN SCH\u00d6NHEITSSALON\">[&#8230;]<\/a><\/p>\n<\/div>","protected":false},"author":2,"featured_media":9351,"comment_status":"open","ping_status":"open","sticky":false,"template":"","format":"standard","meta":{"footnotes":""},"categories":[13],"tags":[],"class_list":{"0":"post-28599","1":"post","2":"type-post","3":"status-publish","4":"format-standard","5":"has-post-thumbnail","7":"category-polizeiberichte"},"_links":{"self":[{"href":"https:\/\/www.studiogera.de\/001\/wp-json\/wp\/v2\/posts\/28599","targetHints":{"allow":["GET"]}}],"collection":[{"href":"https:\/\/www.studiogera.de\/001\/wp-json\/wp\/v2\/posts"}],"about":[{"href":"https:\/\/www.studiogera.de\/001\/wp-json\/wp\/v2\/types\/post"}],"author":[{"embeddable":true,"href":"https:\/\/www.studiogera.de\/001\/wp-json\/wp\/v2\/users\/2"}],"replies":[{"embeddable":true,"href":"https:\/\/www.studiogera.de\/001\/wp-json\/wp\/v2\/comments?post=28599"}],"version-history":[{"count":1,"href":"https:\/\/www.studiogera.de\/001\/wp-json\/wp\/v2\/posts\/28599\/revisions"}],"predecessor-version":[{"id":28600,"href":"https:\/\/www.studiogera.de\/001\/wp-json\/wp\/v2\/posts\/28599\/revisions\/28600"}],"wp:featuredmedia":[{"embeddable":true,"href":"https:\/\/www.studiogera.de\/001\/wp-json\/wp\/v2\/media\/9351"}],"wp:attachment":[{"href":"https:\/\/www.studiogera.de\/001\/wp-json\/wp\/v2\/media?parent=28599"}],"wp:term":[{"taxonomy":"category","embeddable":true,"href":"https:\/\/www.studiogera.de\/001\/wp-json\/wp\/v2\/categories?post=28599"},{"taxonomy":"post_tag","embeddable":true,"href":"https:\/\/www.studiogera.de\/001\/wp-json\/wp\/v2\/tags?post=28599"}],"curies":[{"name":"wp","href":"https:\/\/api.w.org\/{rel}","templated":true}]}}