{"id":28873,"date":"2023-12-29T16:46:52","date_gmt":"2023-12-29T15:46:52","guid":{"rendered":"http:\/\/www.studiogera.de\/001\/?p=28873"},"modified":"2023-12-29T16:46:53","modified_gmt":"2023-12-29T15:46:53","slug":"vermisstes-maedchen-ist-zurueckgekehrt","status":"publish","type":"post","link":"https:\/\/www.studiogera.de\/001\/2023\/12\/29\/vermisstes-maedchen-ist-zurueckgekehrt\/","title":{"rendered":"VERMISSTES M\u00c4DCHEN IST ZUR\u00dcCKGEKEHRT"},"content":{"rendered":"\n<p>Das seit dem 20. Dezember 2023 vermisste 16-j\u00e4hrige M\u00e4dchen aus Gera ist heute wohlbehalten zur\u00fcckgekehrt. Das teilte die Polizei um 15.07 Uhr mit.<\/p>\n","protected":false},"excerpt":{"rendered":"<div class=\"mh-excerpt\"><p>Das seit dem 20. Dezember 2023 vermisste 16-j\u00e4hrige M\u00e4dchen aus Gera ist heute wohlbehalten zur\u00fcckgekehrt. Das teilte die Polizei um 15.07 Uhr mit.<\/p>\n<\/div>","protected":false},"author":2,"featured_media":9353,"comment_status":"open","ping_status":"open","sticky":false,"template":"","format":"standard","meta":{"footnotes":""},"categories":[13],"tags":[],"class_list":{"0":"post-28873","1":"post","2":"type-post","3":"status-publish","4":"format-standard","5":"has-post-thumbnail","7":"category-polizeiberichte"},"_links":{"self":[{"href":"https:\/\/www.studiogera.de\/001\/wp-json\/wp\/v2\/posts\/28873","targetHints":{"allow":["GET"]}}],"collection":[{"href":"https:\/\/www.studiogera.de\/001\/wp-json\/wp\/v2\/posts"}],"about":[{"href":"https:\/\/www.studiogera.de\/001\/wp-json\/wp\/v2\/types\/post"}],"author":[{"embeddable":true,"href":"https:\/\/www.studiogera.de\/001\/wp-json\/wp\/v2\/users\/2"}],"replies":[{"embeddable":true,"href":"https:\/\/www.studiogera.de\/001\/wp-json\/wp\/v2\/comments?post=28873"}],"version-history":[{"count":1,"href":"https:\/\/www.studiogera.de\/001\/wp-json\/wp\/v2\/posts\/28873\/revisions"}],"predecessor-version":[{"id":28874,"href":"https:\/\/www.studiogera.de\/001\/wp-json\/wp\/v2\/posts\/28873\/revisions\/28874"}],"wp:featuredmedia":[{"embeddable":true,"href":"https:\/\/www.studiogera.de\/001\/wp-json\/wp\/v2\/media\/9353"}],"wp:attachment":[{"href":"https:\/\/www.studiogera.de\/001\/wp-json\/wp\/v2\/media?parent=28873"}],"wp:term":[{"taxonomy":"category","embeddable":true,"href":"https:\/\/www.studiogera.de\/001\/wp-json\/wp\/v2\/categories?post=28873"},{"taxonomy":"post_tag","embeddable":true,"href":"https:\/\/www.studiogera.de\/001\/wp-json\/wp\/v2\/tags?post=28873"}],"curies":[{"name":"wp","href":"https:\/\/api.w.org\/{rel}","templated":true}]}}