{"id":29544,"date":"2024-02-01T10:56:21","date_gmt":"2024-02-01T09:56:21","guid":{"rendered":"http:\/\/www.studiogera.de\/001\/?p=29544"},"modified":"2024-02-01T10:56:23","modified_gmt":"2024-02-01T09:56:23","slug":"polizeieinsatz-in-der-dr-schomburg-strasse","status":"publish","type":"post","link":"https:\/\/www.studiogera.de\/001\/2024\/02\/01\/polizeieinsatz-in-der-dr-schomburg-strasse\/","title":{"rendered":"POLIZEIEINSATZ IN DER DR.-SCHOMBURG-STRASSE"},"content":{"rendered":"\n<p>Mehrere Polizeibeamten kamen am 31. Januar gegen 17.35 Uhr im Bereich der Dr.-Schomburg-Stra\u00dfe zum Einsatz. Dort hatten sich etwa 75 Personen versammelt, um an einer nicht angemeldeten Demonstration unter dem Motto &#8222;Nein zum Heim&#8220; teilzunehmen. Vor Ort stellten die Einsatzkr\u00e4fte fest, dass u. a. Bauz\u00e4une, Plakate, Banner, Pavillons sowie Feuerschalen aufgebaut wurden. Desweiteren gab es mehrere Redebeitr\u00e4ge, u. a. vom Versammlungsleiter. Aufgrund des Einsatzgeschehens kam es in diesem Bereich zu Verkehrseinschr\u00e4nkungen, insbesondere im \u00f6ffentlichen Personennahverkehr. Seitens der Polizei wurde die nicht angemeldete Versammlung mit Auflagen versehen, welche letzten Endes seitens der Versammlungsteilnehmer keine Beachtung fanden. Folglich l\u00f6ste die Polizei die Versammlung gegen 19 Uhr auf und forderte die Versammlungsteilnehmer zum Verlassen der \u00d6rtlichkeit auf. Dieser mehrmals ge\u00e4u\u00dferten Aufforderung kamen die Personen nicht nach. Vielmehr entwickelte sich ein verbalaggressives Verhalten der Teilnehmer gegen\u00fcber der Polizei, was sich in Beleidigungen sowie einer Widerstandshandlung \u00e4u\u00dferte. Seitens der Einsatzkr\u00e4fte machte sich der Einsatz von Pfefferspray notwendig, wobei drei Personen leicht verletzt und in der Folge dem Rettungsdienst \u00fcbergeben wurden. Zudem wurden die Identit\u00e4ten der Personen festgestellt. Gegen 0.25 Uhr war der Polizeieinsatz beendet. Im Zusammenhang mit dem Einsatz wurden bislang mehrere Strafanzeigen, u. a. wegen Widerstand gegen Vollstreckungsbeamte, Beleidigung, N\u00f6tigung und Versto\u00df gegen das Versammlungsgesetz, sowie mehrere Ordnungswidrigkeiten gegen das Versammlungsgesetz eingeleitet. Die Kriminalpolizei in Gera hat die Ermittlungen \u00fcbernommen.<\/p>\n","protected":false},"excerpt":{"rendered":"<div class=\"mh-excerpt\"><p>Mehrere Polizeibeamten kamen am 31. Januar gegen 17.35 Uhr im Bereich der Dr.-Schomburg-Stra\u00dfe zum Einsatz. Dort hatten sich etwa 75 Personen versammelt, um an einer nicht angemeldeten Demonstration unter dem Motto &#8222;Nein zum Heim&#8220; teilzunehmen. <a class=\"mh-excerpt-more\" href=\"https:\/\/www.studiogera.de\/001\/2024\/02\/01\/polizeieinsatz-in-der-dr-schomburg-strasse\/\" title=\"POLIZEIEINSATZ IN DER DR.-SCHOMBURG-STRASSE\">[&#8230;]<\/a><\/p>\n<\/div>","protected":false},"author":3,"featured_media":18112,"comment_status":"open","ping_status":"open","sticky":false,"template":"","format":"standard","meta":{"footnotes":""},"categories":[13],"tags":[],"class_list":{"0":"post-29544","1":"post","2":"type-post","3":"status-publish","4":"format-standard","5":"has-post-thumbnail","7":"category-polizeiberichte"},"_links":{"self":[{"href":"https:\/\/www.studiogera.de\/001\/wp-json\/wp\/v2\/posts\/29544","targetHints":{"allow":["GET"]}}],"collection":[{"href":"https:\/\/www.studiogera.de\/001\/wp-json\/wp\/v2\/posts"}],"about":[{"href":"https:\/\/www.studiogera.de\/001\/wp-json\/wp\/v2\/types\/post"}],"author":[{"embeddable":true,"href":"https:\/\/www.studiogera.de\/001\/wp-json\/wp\/v2\/users\/3"}],"replies":[{"embeddable":true,"href":"https:\/\/www.studiogera.de\/001\/wp-json\/wp\/v2\/comments?post=29544"}],"version-history":[{"count":1,"href":"https:\/\/www.studiogera.de\/001\/wp-json\/wp\/v2\/posts\/29544\/revisions"}],"predecessor-version":[{"id":29545,"href":"https:\/\/www.studiogera.de\/001\/wp-json\/wp\/v2\/posts\/29544\/revisions\/29545"}],"wp:featuredmedia":[{"embeddable":true,"href":"https:\/\/www.studiogera.de\/001\/wp-json\/wp\/v2\/media\/18112"}],"wp:attachment":[{"href":"https:\/\/www.studiogera.de\/001\/wp-json\/wp\/v2\/media?parent=29544"}],"wp:term":[{"taxonomy":"category","embeddable":true,"href":"https:\/\/www.studiogera.de\/001\/wp-json\/wp\/v2\/categories?post=29544"},{"taxonomy":"post_tag","embeddable":true,"href":"https:\/\/www.studiogera.de\/001\/wp-json\/wp\/v2\/tags?post=29544"}],"curies":[{"name":"wp","href":"https:\/\/api.w.org\/{rel}","templated":true}]}}