{"id":29667,"date":"2024-02-09T14:22:19","date_gmt":"2024-02-09T13:22:19","guid":{"rendered":"http:\/\/www.studiogera.de\/001\/?p=29667"},"modified":"2024-02-09T14:27:03","modified_gmt":"2024-02-09T13:27:03","slug":"wie-das-gespraech-zwischen-putin-und-carlson-bewertet-wird","status":"publish","type":"post","link":"https:\/\/www.studiogera.de\/001\/2024\/02\/09\/wie-das-gespraech-zwischen-putin-und-carlson-bewertet-wird\/","title":{"rendered":"WIE DAS GESPR\u00c4CH ZWISCHEN PUTIN UND CARLSON BEWERTET WIRD"},"content":{"rendered":"\n<p>In Deutschland wird das Gespr\u00e4ch zwischen Tucker Carlson und dem russischen Pr\u00e4sidenten Wladimir Putin \u00fcberwiegend negativ kommentiert. Es fand statt am 6. Februar 2024 und wurde am 9. Februar 0 Uhr Mitteleurop\u00e4ischer Zeit sowohl auf \u201ehttps:\/\/tuckercarlson.com\/\u201d sowie \u00fcber \u201eX\u201d ver\u00f6ffentlicht.<\/p>\n\n\n\n<ul class=\"wp-block-list\">\n<li>Tagesschau: \u201eDie Putin-Verstehen-Show\u201d<\/li>\n\n\n\n<li>Der Spiegel: \u201ePropaganda-Geschenk f\u00fcr den Kremlchef zur rechten Zeit\u201d<\/li>\n\n\n\n<li>Frankfurter Rundschau: \u201eTucker Carlson drohen Sanktionen wegen Putin-Interview\u201d<\/li>\n\n\n\n<li>Die Zeit: \u201ePutins vergiftete Friedensbotschaft\u201d<\/li>\n\n\n\n<li>Die Welt: \u201eDie M\u00e4rchenstunde von Moskau\u201d<\/li>\n\n\n\n<li>FAZ: \u201eWladimir Putin lenkt das Gespr\u00e4ch geschickt\u201d<\/li>\n\n\n\n<li>ZDF: \u201eCarlon als &#8217;n\u00fctzlicher Idiot&#8216;?\u201d<\/li>\n\n\n\n<li>Tagesspiegel: \u201ePutins Propaganda-Stunde\u201d<\/li>\n\n\n\n<li>Deutschlandfunk Kultur: \u201eDesinformation aus Moskau\u201d<\/li>\n\n\n\n<li>BR: \u201eKaum Kritik, ausweichende Antworten\u201d<\/li>\n\n\n\n<li>Capital: \u201ePutin wirft der CIA die Sprengung von Nord Stream vor \u2014 und preist Donald Trump\u201d<\/li>\n<\/ul>\n\n\n\n<p>Die Wirkung, welche sich Carlson mit Blick auf seine Zuschauer erhofft hatte, ist bislang ausgeblieben, was nicht zuletzt an der Gespr\u00e4chszeit liegt. Zielgruppe der Plattform \u201eX\u201d sind Nutzer, die an kurzen Nachrichten, Einw\u00fcrfen und Kommentaren interessiert sind, nicht an einer zweist\u00fcndigen Sitzung, f\u00fcr deren Einordnung man tieferes Hintergrundwissen ben\u00f6tigt. Die breite Masse in den USA wird er damit nicht erreichen, zumal da ohnehin nichts neues gesagt wurde. Seine Kritiker nehmen sich aber die Zeit, das Video zu sezieren.<\/p>\n\n\n\n<p>Worum geht es inhaltlich? Zun\u00e4chst spricht Putin \u00fcber die Geschichte Russlands und der Ukraine, dann \u00fcber die Nato-Erweiterung, Bill Clinton, \u00fcber die Ukraine und den Ausl\u00f6ser des Konflikts, eine m\u00f6gliche friedliche L\u00f6sung, \u00fcber die Sprengung der Nord-Stream-Leitung, die Wiederaufnahme der Gespr\u00e4che mit den USA, \u00fcber die Macht von Selenski, dann \u00fcber Elon Musk und die k\u00fcnstliche Intelligenz sowie \u00fcber den inhaftierten US-Journalisten Evan Gershkovich.<\/p>\n\n\n\n<p>Tucker Carlson interessierte vor allem, was genau der Ausl\u00f6ser f\u00fcr den Einmarsch in die Ukraine war und warum sich Putin erst 22 Jahre nach seinem ersten Amtsantritt dazu entschied, weil viele der vorgebrachten Gr\u00fcnde schon l\u00e4nger zur\u00fcckliegen. Eine einfache Antwort gab der russische Staatspr\u00e4sident nicht. Putin erz\u00e4hlte mehrmals von nicht gegebenen Garantien und dem Putsch. Ein Problem sei der Assoziierungsvertrag gewesen, weil Russland und die Ukraine eine Freihandelszone mit offenen Zollgrenzen und einem gro\u00dfen Handelsvolumen waren. Die Ukraine h\u00e4tte im Rahmen dieser Assoziierung ihre Grenzen nach Europa \u00f6ffnen m\u00fcssen, wodurch der russische Markt \u00fcberflutet worden w\u00e4re. Als der ukrainische Pr\u00e4sident Janukovi\u010d mit seiner Unterschrift z\u00f6gerte, begann die vom Westen unterst\u00fctzte Opposition mit ihren zerst\u00f6rerischen Schritten, meinte Putin. Seine Ziele in der Ukraine habe er auch noch nicht vollst\u00e4ndig erreicht. Konkret sprach er von einer Entnazifizierung, offenbar in der Erwartung, dass Carlson diesen Begriff aufnimmt und nachfragt, was er letztendlich tat. Mit dieser und weiteren Taktiken konnte Putin geschickt bestimmen, an welcher Stelle das Gespr\u00e4ch vertieft wird. Sp\u00e4ter, als es darum ging, wie der Krieg beendet werden k\u00f6nne, sagte Putin allerdings, die USA m\u00fcssten aufh\u00f6ren, Waffen zu liefern. In ein paar Wochen w\u00fcrde es dann vorbei sein. Alles k\u00f6nnte so gedeutet werden, dass sich Putin einen scheinbar neutralen, aber in seinen wesentlichen Punkten pro-russisch ausgerichteten ukrainischen Staat w\u00fcnscht.<\/p>\n","protected":false},"excerpt":{"rendered":"<div class=\"mh-excerpt\"><p>In Deutschland wird das Gespr\u00e4ch zwischen Tucker Carlson und dem russischen Pr\u00e4sidenten Wladimir Putin \u00fcberwiegend negativ kommentiert. Es fand statt am 6. Februar 2024 und wurde am 9. Februar 0 Uhr Mitteleurop\u00e4ischer Zeit sowohl auf <a class=\"mh-excerpt-more\" href=\"https:\/\/www.studiogera.de\/001\/2024\/02\/09\/wie-das-gespraech-zwischen-putin-und-carlson-bewertet-wird\/\" title=\"WIE DAS GESPR\u00c4CH ZWISCHEN PUTIN UND CARLSON BEWERTET WIRD\">[&#8230;]<\/a><\/p>\n<\/div>","protected":false},"author":2,"featured_media":29677,"comment_status":"open","ping_status":"open","sticky":false,"template":"","format":"standard","meta":{"footnotes":""},"categories":[17],"tags":[],"class_list":{"0":"post-29667","1":"post","2":"type-post","3":"status-publish","4":"format-standard","5":"has-post-thumbnail","7":"category-medien"},"_links":{"self":[{"href":"https:\/\/www.studiogera.de\/001\/wp-json\/wp\/v2\/posts\/29667","targetHints":{"allow":["GET"]}}],"collection":[{"href":"https:\/\/www.studiogera.de\/001\/wp-json\/wp\/v2\/posts"}],"about":[{"href":"https:\/\/www.studiogera.de\/001\/wp-json\/wp\/v2\/types\/post"}],"author":[{"embeddable":true,"href":"https:\/\/www.studiogera.de\/001\/wp-json\/wp\/v2\/users\/2"}],"replies":[{"embeddable":true,"href":"https:\/\/www.studiogera.de\/001\/wp-json\/wp\/v2\/comments?post=29667"}],"version-history":[{"count":3,"href":"https:\/\/www.studiogera.de\/001\/wp-json\/wp\/v2\/posts\/29667\/revisions"}],"predecessor-version":[{"id":29680,"href":"https:\/\/www.studiogera.de\/001\/wp-json\/wp\/v2\/posts\/29667\/revisions\/29680"}],"wp:featuredmedia":[{"embeddable":true,"href":"https:\/\/www.studiogera.de\/001\/wp-json\/wp\/v2\/media\/29677"}],"wp:attachment":[{"href":"https:\/\/www.studiogera.de\/001\/wp-json\/wp\/v2\/media?parent=29667"}],"wp:term":[{"taxonomy":"category","embeddable":true,"href":"https:\/\/www.studiogera.de\/001\/wp-json\/wp\/v2\/categories?post=29667"},{"taxonomy":"post_tag","embeddable":true,"href":"https:\/\/www.studiogera.de\/001\/wp-json\/wp\/v2\/tags?post=29667"}],"curies":[{"name":"wp","href":"https:\/\/api.w.org\/{rel}","templated":true}]}}