{"id":29681,"date":"2024-02-09T16:14:18","date_gmt":"2024-02-09T15:14:18","guid":{"rendered":"http:\/\/www.studiogera.de\/001\/?p=29681"},"modified":"2024-02-09T16:14:19","modified_gmt":"2024-02-09T15:14:19","slug":"der-grosse-irrtum-bei-der-bekaempfung-des-klimawandels","status":"publish","type":"post","link":"https:\/\/www.studiogera.de\/001\/2024\/02\/09\/der-grosse-irrtum-bei-der-bekaempfung-des-klimawandels\/","title":{"rendered":"DER GROSSE IRRTUM BEI DER BEK\u00c4MPFUNG DES KLIMAWANDELS"},"content":{"rendered":"\n<p>Viele Politiker halten es f\u00fcr eine vordringliche Aufgabe, den Klimawandel zu bek\u00e4mpfen und verweisen dabei auf die Wissenschaft, den Weltklimarat und das Pariser Abkommen. Das politische Handeln wird folglich an dem 1,5-Grad-Ziel ausgerichtet. Es gilt, einen Anstieg der Temperatur und damit des Meeresspiegels zu verhindern. Ausgangspunkt f\u00fcr die Erderw\u00e4rmung ist die sogenannte vorindustrielle Zeit. Der Weltklimarat versteht darunter die Jahre 1850 bis 1900. Diese werden als Richtwert f\u00fcr die normale klimatische Ausgangslage herangezogen.<\/p>\n\n\n\n<p>Das fatale an der Sache ist die v\u00f6llige Ausblendung der vorangegangenen Zeitalter. Dort gibt es sehr starke nat\u00fcrliche Schwankungen, mit denen fr\u00fcher oder sp\u00e4ter wieder zu rechnen ist. Sie gehen weit \u00fcber die 1,5-Grad-Marke hinaus.<\/p>\n\n\n\n<p>Das veranlasst zu Fragen, die bislang nicht gestellt wurden: Gilt die 1,5-Grad-Begrenzung nur f\u00fcr den menschengemachten Klimawandel oder auch f\u00fcr den nat\u00fcrlichen, wenngleich dieser nach bisherigen Erkenntnissen langsamer vonstatten geht? Wer will das eine vom anderen unterscheiden? Ist allein die Geschwindigkeit des Anstiegs relevant, oder auch der Anstieg an sich, wenn sich der Wandel verlangsamt?<\/p>\n\n\n\n<p>Die Klimawissenschaft ist auf einen sehr kleinen Zeitraum fixiert, nimmt diesen als Ausgangspunkt, und beachtet nicht die nat\u00fcrlichen Rhythmen der Erde. W\u00fcrde man die Erdzeitalter bereits ab dem Kambrium ber\u00fccksichtigen, und nicht erst ab dem Pleistoz\u00e4n, erg\u00e4be sich ein ganz anderes Bild: Ein CO\u2082-Gehalt von 270 ppm bis 470 ppm ist verh\u00e4ltnism\u00e4\u00dfig selten, ebenso ein Meeresspiegel auf dem heutigen Niveau. Seit einigen Jahren wird vor einem Anstieg von wenigen Zentimetern gewarnt, obwohl der vom Menschen unbeeinflusste Meeresspiegel h\u00e4ufig 200 Meter \u00fcber dem heutigen lag. Geht es bei der Warnung also wirklich um die Natur oder einzig um menschliche Bauwerke, die dann unter Wasser l\u00e4gen?<\/p>\n\n\n\n<p>Wer die Erh\u00f6hung mit allen Kr\u00e4ften verhindern m\u00f6chte, ist meistens gar nicht daran interessiert, den nat\u00fcrlichen vom menschengemachten Klimawandel zu unterscheiden. Daf\u00fcr gibt es sicherlich einige Gr\u00fcnde. Unter anderem flie\u00dft viel Geld in bestimmte Projekte. Mit den zunehmenden technischen M\u00f6glichkeiten w\u00fcrde das aber auf eine Vergewaltigung der Erde hinauslaufen, weil man von deren Rhythmen zu wenig wei\u00df.<\/p>\n\n\n\n<p>Heute sind beispielsweise einige Forscher der Meinung, die Erde m\u00fcsse durch Geoengineering abgek\u00fchlt werden. \u00c4ndern sich aber gewisse Zyklen, von denen wir noch nichts wissen, kann das fatale Folgen haben.<\/p>\n","protected":false},"excerpt":{"rendered":"<div class=\"mh-excerpt\"><p>Viele Politiker halten es f\u00fcr eine vordringliche Aufgabe, den Klimawandel zu bek\u00e4mpfen und verweisen dabei auf die Wissenschaft, den Weltklimarat und das Pariser Abkommen. Das politische Handeln wird folglich an dem 1,5-Grad-Ziel ausgerichtet. Es gilt, <a class=\"mh-excerpt-more\" href=\"https:\/\/www.studiogera.de\/001\/2024\/02\/09\/der-grosse-irrtum-bei-der-bekaempfung-des-klimawandels\/\" title=\"DER GROSSE IRRTUM BEI DER BEK\u00c4MPFUNG DES KLIMAWANDELS\">[&#8230;]<\/a><\/p>\n<\/div>","protected":false},"author":2,"featured_media":29683,"comment_status":"open","ping_status":"open","sticky":false,"template":"","format":"standard","meta":{"footnotes":""},"categories":[1],"tags":[],"class_list":{"0":"post-29681","1":"post","2":"type-post","3":"status-publish","4":"format-standard","5":"has-post-thumbnail","7":"category-vermischtes"},"_links":{"self":[{"href":"https:\/\/www.studiogera.de\/001\/wp-json\/wp\/v2\/posts\/29681","targetHints":{"allow":["GET"]}}],"collection":[{"href":"https:\/\/www.studiogera.de\/001\/wp-json\/wp\/v2\/posts"}],"about":[{"href":"https:\/\/www.studiogera.de\/001\/wp-json\/wp\/v2\/types\/post"}],"author":[{"embeddable":true,"href":"https:\/\/www.studiogera.de\/001\/wp-json\/wp\/v2\/users\/2"}],"replies":[{"embeddable":true,"href":"https:\/\/www.studiogera.de\/001\/wp-json\/wp\/v2\/comments?post=29681"}],"version-history":[{"count":2,"href":"https:\/\/www.studiogera.de\/001\/wp-json\/wp\/v2\/posts\/29681\/revisions"}],"predecessor-version":[{"id":29684,"href":"https:\/\/www.studiogera.de\/001\/wp-json\/wp\/v2\/posts\/29681\/revisions\/29684"}],"wp:featuredmedia":[{"embeddable":true,"href":"https:\/\/www.studiogera.de\/001\/wp-json\/wp\/v2\/media\/29683"}],"wp:attachment":[{"href":"https:\/\/www.studiogera.de\/001\/wp-json\/wp\/v2\/media?parent=29681"}],"wp:term":[{"taxonomy":"category","embeddable":true,"href":"https:\/\/www.studiogera.de\/001\/wp-json\/wp\/v2\/categories?post=29681"},{"taxonomy":"post_tag","embeddable":true,"href":"https:\/\/www.studiogera.de\/001\/wp-json\/wp\/v2\/tags?post=29681"}],"curies":[{"name":"wp","href":"https:\/\/api.w.org\/{rel}","templated":true}]}}