{"id":29685,"date":"2024-02-09T16:19:27","date_gmt":"2024-02-09T15:19:27","guid":{"rendered":"http:\/\/www.studiogera.de\/001\/?p=29685"},"modified":"2024-02-09T16:19:29","modified_gmt":"2024-02-09T15:19:29","slug":"baumfaellungen-auf-dem-kuenftigen-lusaner-campus","status":"publish","type":"post","link":"https:\/\/www.studiogera.de\/001\/2024\/02\/09\/baumfaellungen-auf-dem-kuenftigen-lusaner-campus\/","title":{"rendered":"BAUMF\u00c4LLUNGEN AUF DEM K\u00dcNFTIGEN LUSANER CAMPUS"},"content":{"rendered":"\n<p>Auf dem Areal des zuk\u00fcnftigen Bildungscampus Lusan werden in der kommenden Woche B\u00e4ume gef\u00e4llt und mehrere Jungb\u00e4ume umgepflanzt. Es handelt sich dabei um eine bauvorbereitende Ma\u00dfnahme f\u00fcr das Schulbauprojekt, das in diesem Jahr beginnen soll. Die gef\u00e4llten B\u00e4ume werden mit Errichtung des Freianlagenprojektes ersetzt. F\u00fcr Neupflanzungen sind neben dekorativen Bl\u00fchgeh\u00f6lzen auch fruchtende B\u00e4ume und Str\u00e4ucher in jahreszeitlich gef\u00e4cherter Breite f\u00fcr eine artenreiche Insektenfauna und damit Vogelnahrung, ebenso auch Koniferen als Winterunterschlupf f\u00fcr V\u00f6gel geplant. Vorrangig werden heimische standort- und klimagerechte Arten verwendet.<\/p>\n\n\n\n<p>Der Bildungscampus Lusan ist mit Gesamtkosten in H\u00f6he von rund 35 Millionen Euro das bisher gr\u00f6\u00dfte Stadtentwicklungs- und Schulbauvorhaben der Stadt Gera. Es soll das soziale Leben in Lusan als Zentrum f\u00fcr alle Generationen bereichern, bei dem die Regelschule \u201eDie Vierte\u201c gemeinsam mit der Grundschule \u201eWilhelm Busch\u201c, den zugeh\u00f6rigen Sporthallen, den weitl\u00e4ufigen Au\u00dfenanlagen und dem leer stehenden Geb\u00e4ude Elsterberger Stra\u00dfe 6 zu einem Gesamtareal zusammengef\u00fchrt werden. Der neu entstandene Bildungscampus soll k\u00fcnftig 850 Sch\u00fcler beherbergen. Geplant sind zwei gro\u00dfe Bauabschnitte, wobei im ersten Abschnitt die Sanierung des Geb\u00e4udes der Regelschule \u201eDie Vierte\u201c sowie die Errichtung der Zweifeldsporthalle und die dazugeh\u00f6rigen Freianlagen im Vordergrund stehen. Das Geb\u00e4ude der Regelschule soll unter anderem energetisch saniert und barrierefrei umgebaut werden. Der zweite Bauabschnitt soll planm\u00e4\u00dfig 2027 beginnen.<\/p>\n\n\n\n<p>QUELLE: STADTVERWALTUNG<\/p>\n","protected":false},"excerpt":{"rendered":"<div class=\"mh-excerpt\"><p>Auf dem Areal des zuk\u00fcnftigen Bildungscampus Lusan werden in der kommenden Woche B\u00e4ume gef\u00e4llt und mehrere Jungb\u00e4ume umgepflanzt. Es handelt sich dabei um eine bauvorbereitende Ma\u00dfnahme f\u00fcr das Schulbauprojekt, das in diesem Jahr beginnen soll. <a class=\"mh-excerpt-more\" href=\"https:\/\/www.studiogera.de\/001\/2024\/02\/09\/baumfaellungen-auf-dem-kuenftigen-lusaner-campus\/\" title=\"BAUMF\u00c4LLUNGEN AUF DEM K\u00dcNFTIGEN LUSANER CAMPUS\">[&#8230;]<\/a><\/p>\n<\/div>","protected":false},"author":2,"featured_media":29686,"comment_status":"open","ping_status":"open","sticky":false,"template":"","format":"standard","meta":{"footnotes":""},"categories":[3],"tags":[],"class_list":{"0":"post-29685","1":"post","2":"type-post","3":"status-publish","4":"format-standard","5":"has-post-thumbnail","7":"category-lokal"},"_links":{"self":[{"href":"https:\/\/www.studiogera.de\/001\/wp-json\/wp\/v2\/posts\/29685","targetHints":{"allow":["GET"]}}],"collection":[{"href":"https:\/\/www.studiogera.de\/001\/wp-json\/wp\/v2\/posts"}],"about":[{"href":"https:\/\/www.studiogera.de\/001\/wp-json\/wp\/v2\/types\/post"}],"author":[{"embeddable":true,"href":"https:\/\/www.studiogera.de\/001\/wp-json\/wp\/v2\/users\/2"}],"replies":[{"embeddable":true,"href":"https:\/\/www.studiogera.de\/001\/wp-json\/wp\/v2\/comments?post=29685"}],"version-history":[{"count":1,"href":"https:\/\/www.studiogera.de\/001\/wp-json\/wp\/v2\/posts\/29685\/revisions"}],"predecessor-version":[{"id":29687,"href":"https:\/\/www.studiogera.de\/001\/wp-json\/wp\/v2\/posts\/29685\/revisions\/29687"}],"wp:featuredmedia":[{"embeddable":true,"href":"https:\/\/www.studiogera.de\/001\/wp-json\/wp\/v2\/media\/29686"}],"wp:attachment":[{"href":"https:\/\/www.studiogera.de\/001\/wp-json\/wp\/v2\/media?parent=29685"}],"wp:term":[{"taxonomy":"category","embeddable":true,"href":"https:\/\/www.studiogera.de\/001\/wp-json\/wp\/v2\/categories?post=29685"},{"taxonomy":"post_tag","embeddable":true,"href":"https:\/\/www.studiogera.de\/001\/wp-json\/wp\/v2\/tags?post=29685"}],"curies":[{"name":"wp","href":"https:\/\/api.w.org\/{rel}","templated":true}]}}