{"id":29731,"date":"2024-02-13T04:39:30","date_gmt":"2024-02-13T03:39:30","guid":{"rendered":"http:\/\/www.studiogera.de\/001\/?p=29731"},"modified":"2024-02-13T04:39:32","modified_gmt":"2024-02-13T03:39:32","slug":"juedisch-israelische-kulturtage-in-thueringen","status":"publish","type":"post","link":"https:\/\/www.studiogera.de\/001\/2024\/02\/13\/juedisch-israelische-kulturtage-in-thueringen\/","title":{"rendered":"J\u00dcDISCH-ISRAELISCHE KULTURTAGE IN TH\u00dcRINGEN"},"content":{"rendered":"\n<p>Die J\u00fcdische Landesgemeinde Th\u00fcringen richtet seit mehreren Jahren das Festival \u201eJ\u00fcdisch Israelische Kulturtage\u201c aus und f\u00fchrt dieses gemeinsam mit dem F\u00f6rderverein f\u00fcr J\u00fcdisch-Israelische Kultur in Th\u00fcringen e. V. durch. Einer der Hauptunterst\u00fctzer ist die Stadt Gera, als eine von 14 beteiligten Kommunen. Insgesamt sind \u00fcber 60 Veranstaltungen wie Lesungen, Konzerte, Vortr\u00e4ge, Rundg\u00e4nge, Mitmachkurse und Filmvorf\u00fchrungen in ganz Th\u00fcringen geplant. Oberb\u00fcrgermeister Julian Vonarb erkl\u00e4rt:<\/p>\n\n\n\n<blockquote class=\"wp-block-quote is-layout-flow wp-block-quote-is-layout-flow\">\n<p>\u201eEs ist uns eine besondere Ehre, dass die 32. J\u00fcdisch-israelischen Kulturtage auch in Gera durchgef\u00fchrt und durch unser Kulturamt ma\u00dfgeblich unterst\u00fctzt werden. Das Thema k\u00f6nnte nicht aktueller sein, denn auch in unserer Stadt finden seit mehreren Wochen Versammlungen f\u00fcr Mitmenschlichkeit und Demokratie statt. Menschen aus den unterschiedlichsten politischen Spektren gehen auf die Stra\u00dfe, um sich f\u00fcr diese Werte stark zu machen. Mit der Beteiligung an diesen speziellen Kulturtagen setzen wir ein Zeichen f\u00fcr Toleranz und f\u00fcr Vielfalt \u2013 gegen Hass und gegen Diskriminierung.\u201c<\/p>\n<\/blockquote>\n\n\n\n<p>Am 9. M\u00e4rz um 19.30 Uhr beginnt die Programmreihe in Gera mit dem Konzert von Assaf Levitin &amp; Naaman Wagner unter dem Titel \u201eWie, zuhause? Mein Leben als Spagat zwischen Israel und Deutschland\u201c und am 23. M\u00e4rz um 19.30 Uhr bildet ein Klezmer-Tanzabend mit Live-Musik den Abschluss. Beide Veranstaltungen finden im Comma Gera, Heinrichstra\u00dfe 47, statt.<\/p>\n\n\n\n<p>Zwischendurch pr\u00e4sentiert das Kulturhaus H\u00e4selburg Gera am 14. M\u00e4rz das Konzert \u201eFlora \u2013 Songs for the Heart\u201c. Leipziger Synagogalchor wird am 16. M\u00e4rz um 19.30 Uhr im Rathaussaal Gera ein Konzert mit Ges\u00e4ngen aus der Synagoge und j\u00fcdische Chormusik geben. Neben musikalischen H\u00f6hepunkten gibt es in Gera auch Vortr\u00e4ge, Gespr\u00e4che sowie Filme zu j\u00fcdisch israelischen Themen.<\/p>\n\n\n\n<div data-wp-interactive=\"core\/file\" class=\"wp-block-file\"><object data-wp-bind--hidden=\"!state.hasPdfPreview\" hidden class=\"wp-block-file__embed\" data=\"http:\/\/www.studiogera.de\/001\/wp-content\/uploads\/2024\/02\/PROGRAMMBLATT_021.pdf\" type=\"application\/pdf\" style=\"width:100%;height:600px\" aria-label=\"Einbettung von PROGRAMMBLATT_021.\"><\/object><a id=\"wp-block-file--media-589e65ca-578a-4cf5-b866-83aba313e36c\" href=\"http:\/\/www.studiogera.de\/001\/wp-content\/uploads\/2024\/02\/PROGRAMMBLATT_021.pdf\">PROGRAMMBLATT_021<\/a><a href=\"http:\/\/www.studiogera.de\/001\/wp-content\/uploads\/2024\/02\/PROGRAMMBLATT_021.pdf\" class=\"wp-block-file__button wp-element-button\" download aria-describedby=\"wp-block-file--media-589e65ca-578a-4cf5-b866-83aba313e36c\">Herunterladen<\/a><\/div>\n\n\n\n<p>Eine niveauvolle und bunte Mischung sei zusammengestellt worden, so Felix Eckerle, der Leiter des Geraer Kulturamtes:<\/p>\n\n\n\n<blockquote class=\"wp-block-quote is-layout-flow wp-block-quote-is-layout-flow\">\n<p>\u201eViele der Veranstaltungen der j\u00fcdisch-israelischen Kulturtage in Gera bieten die Gelegenheit, ins Gespr\u00e4ch miteinander zu kommen. So kann zus\u00e4tzlich zum k\u00fcnstlerischen Erlebnis auch eine unmittelbare N\u00e4he entstehen. Die Inhalte bieten aktuelle Bez\u00fcge und die Vortragenden sind mit der Gegenwart verbunden. Im Programm sind mehrere Veranstaltungen, die speziell das Wissen um grundlegende Tatsachen und Zusammenh\u00e4nge im j\u00fcdischen Leben in Deutschland vergr\u00f6\u00dfern sowie aktuell-politische Fragen behandeln.\u201c<\/p>\n<\/blockquote>\n\n\n\n<p>Eckerle wisse, wie gut sich Kunst und Kultur eignen, Menschen miteinander zu verbinden:<\/p>\n\n\n\n<blockquote class=\"wp-block-quote is-layout-flow wp-block-quote-is-layout-flow\">\n<p>\u201eDas Festival spricht viele Sinne an: Musik, Speisen, Gespr\u00e4che und auch Filme bis zum Tanzabend. Die K\u00fcnstler und Akteure transportieren mit ihrer gesamten Pers\u00f6nlichkeit das Anliegen des Festivals. Kunst erfasst den Menschen in seiner Gesamtheit. Die Verbindung wird zum Beispiel geschaffen durch gemeinsames Tun wie Singen, Tanzen und Musizieren. Kurzum: Kunst bringt die Welt zusammen und die Menschen damit einander n\u00e4her. Sie vermittelt Bildung und zwar Herzensbildung \u2013 Es geht um die F\u00e4higkeit, sich gut informiert in die aktuellen Situationen des Lebens einzubringen.\u201c<\/p>\n<\/blockquote>\n\n\n\n<p>Mehr Informationen erhalten Sie unter der Adresse \u201ewww.jikt.de\u201c. Eintrittskarten sind erh\u00e4ltlich in der Gera-Information, dem Pressehaus der OTZ\/TLZ sowie \u00fcber den \u201eTicketshop Th\u00fcringen\u201c.<\/p>\n\n\n\n<p>QUELLE: STADTVERWALTUNG<\/p>\n","protected":false},"excerpt":{"rendered":"<div class=\"mh-excerpt\"><p>Die J\u00fcdische Landesgemeinde Th\u00fcringen richtet seit mehreren Jahren das Festival \u201eJ\u00fcdisch Israelische Kulturtage\u201c aus und f\u00fchrt dieses gemeinsam mit dem F\u00f6rderverein f\u00fcr J\u00fcdisch-Israelische Kultur in Th\u00fcringen e. V. durch. Einer der Hauptunterst\u00fctzer ist die Stadt <a class=\"mh-excerpt-more\" href=\"https:\/\/www.studiogera.de\/001\/2024\/02\/13\/juedisch-israelische-kulturtage-in-thueringen\/\" title=\"J\u00dcDISCH-ISRAELISCHE KULTURTAGE IN TH\u00dcRINGEN\">[&#8230;]<\/a><\/p>\n<\/div>","protected":false},"author":2,"featured_media":29732,"comment_status":"open","ping_status":"open","sticky":false,"template":"","format":"standard","meta":{"footnotes":""},"categories":[8],"tags":[],"class_list":{"0":"post-29731","1":"post","2":"type-post","3":"status-publish","4":"format-standard","5":"has-post-thumbnail","7":"category-kultur"},"_links":{"self":[{"href":"https:\/\/www.studiogera.de\/001\/wp-json\/wp\/v2\/posts\/29731","targetHints":{"allow":["GET"]}}],"collection":[{"href":"https:\/\/www.studiogera.de\/001\/wp-json\/wp\/v2\/posts"}],"about":[{"href":"https:\/\/www.studiogera.de\/001\/wp-json\/wp\/v2\/types\/post"}],"author":[{"embeddable":true,"href":"https:\/\/www.studiogera.de\/001\/wp-json\/wp\/v2\/users\/2"}],"replies":[{"embeddable":true,"href":"https:\/\/www.studiogera.de\/001\/wp-json\/wp\/v2\/comments?post=29731"}],"version-history":[{"count":1,"href":"https:\/\/www.studiogera.de\/001\/wp-json\/wp\/v2\/posts\/29731\/revisions"}],"predecessor-version":[{"id":29734,"href":"https:\/\/www.studiogera.de\/001\/wp-json\/wp\/v2\/posts\/29731\/revisions\/29734"}],"wp:featuredmedia":[{"embeddable":true,"href":"https:\/\/www.studiogera.de\/001\/wp-json\/wp\/v2\/media\/29732"}],"wp:attachment":[{"href":"https:\/\/www.studiogera.de\/001\/wp-json\/wp\/v2\/media?parent=29731"}],"wp:term":[{"taxonomy":"category","embeddable":true,"href":"https:\/\/www.studiogera.de\/001\/wp-json\/wp\/v2\/categories?post=29731"},{"taxonomy":"post_tag","embeddable":true,"href":"https:\/\/www.studiogera.de\/001\/wp-json\/wp\/v2\/tags?post=29731"}],"curies":[{"name":"wp","href":"https:\/\/api.w.org\/{rel}","templated":true}]}}