{"id":29735,"date":"2024-02-13T04:41:42","date_gmt":"2024-02-13T03:41:42","guid":{"rendered":"http:\/\/www.studiogera.de\/001\/?p=29735"},"modified":"2024-02-13T04:41:43","modified_gmt":"2024-02-13T03:41:43","slug":"auseinandersetzung-im-park-der-jugend","status":"publish","type":"post","link":"https:\/\/www.studiogera.de\/001\/2024\/02\/13\/auseinandersetzung-im-park-der-jugend\/","title":{"rendered":"AUSEINANDERSETZUNG IM PARK DER JUGEND"},"content":{"rendered":"\n<p>Freitagnacht gegen 22 Uhr gerieten zwei Freunde aufgrund \u00fcberm\u00e4\u00dfigen Alkoholgenusses im Park der Jugend aneinander. Der 18-J\u00e4hrige Geraer attackierte daraufhin seinen 19-j\u00e4hirgen Freund, welcher sich zur Wehr setzte. Der Angreifer trug leichte Verletzungen davon. Auch gegen\u00fcber den hinzugerufenen Beamten der Bereitschaftspolizei zeigte sich der junge Mann aggressiv und versuchte sich fortw\u00e4hrend den Ma\u00dfnahmen zu widersetzen, sodass er schlussendlich fixiert werden musste. Bei einer Durchsuchung wurde zu allem \u00dcberfluss noch ein Messer aufgefunden. Da er sich nicht beruhigen lie\u00df, verbrachte der Heranwachsende die Nacht im Gewahrsam der Polizei und trat die Heimreise zwar ausgen\u00fcchtert, aber mit Anzeigen wegen K\u00f6rperverletzung und Widerstandes gegen Vollstreckungsbeamte an.<\/p>\n","protected":false},"excerpt":{"rendered":"<div class=\"mh-excerpt\"><p>Freitagnacht gegen 22 Uhr gerieten zwei Freunde aufgrund \u00fcberm\u00e4\u00dfigen Alkoholgenusses im Park der Jugend aneinander. Der 18-J\u00e4hrige Geraer attackierte daraufhin seinen 19-j\u00e4hirgen Freund, welcher sich zur Wehr setzte. Der Angreifer trug leichte Verletzungen davon. Auch <a class=\"mh-excerpt-more\" href=\"https:\/\/www.studiogera.de\/001\/2024\/02\/13\/auseinandersetzung-im-park-der-jugend\/\" title=\"AUSEINANDERSETZUNG IM PARK DER JUGEND\">[&#8230;]<\/a><\/p>\n<\/div>","protected":false},"author":2,"featured_media":9353,"comment_status":"open","ping_status":"open","sticky":false,"template":"","format":"standard","meta":{"footnotes":""},"categories":[13],"tags":[],"class_list":{"0":"post-29735","1":"post","2":"type-post","3":"status-publish","4":"format-standard","5":"has-post-thumbnail","7":"category-polizeiberichte"},"_links":{"self":[{"href":"https:\/\/www.studiogera.de\/001\/wp-json\/wp\/v2\/posts\/29735","targetHints":{"allow":["GET"]}}],"collection":[{"href":"https:\/\/www.studiogera.de\/001\/wp-json\/wp\/v2\/posts"}],"about":[{"href":"https:\/\/www.studiogera.de\/001\/wp-json\/wp\/v2\/types\/post"}],"author":[{"embeddable":true,"href":"https:\/\/www.studiogera.de\/001\/wp-json\/wp\/v2\/users\/2"}],"replies":[{"embeddable":true,"href":"https:\/\/www.studiogera.de\/001\/wp-json\/wp\/v2\/comments?post=29735"}],"version-history":[{"count":1,"href":"https:\/\/www.studiogera.de\/001\/wp-json\/wp\/v2\/posts\/29735\/revisions"}],"predecessor-version":[{"id":29736,"href":"https:\/\/www.studiogera.de\/001\/wp-json\/wp\/v2\/posts\/29735\/revisions\/29736"}],"wp:featuredmedia":[{"embeddable":true,"href":"https:\/\/www.studiogera.de\/001\/wp-json\/wp\/v2\/media\/9353"}],"wp:attachment":[{"href":"https:\/\/www.studiogera.de\/001\/wp-json\/wp\/v2\/media?parent=29735"}],"wp:term":[{"taxonomy":"category","embeddable":true,"href":"https:\/\/www.studiogera.de\/001\/wp-json\/wp\/v2\/categories?post=29735"},{"taxonomy":"post_tag","embeddable":true,"href":"https:\/\/www.studiogera.de\/001\/wp-json\/wp\/v2\/tags?post=29735"}],"curies":[{"name":"wp","href":"https:\/\/api.w.org\/{rel}","templated":true}]}}