{"id":29737,"date":"2024-02-13T04:43:28","date_gmt":"2024-02-13T03:43:28","guid":{"rendered":"http:\/\/www.studiogera.de\/001\/?p=29737"},"modified":"2024-02-13T04:43:29","modified_gmt":"2024-02-13T03:43:29","slug":"einbruch-in-baeckerei-in-der-wiesestrasse","status":"publish","type":"post","link":"https:\/\/www.studiogera.de\/001\/2024\/02\/13\/einbruch-in-baeckerei-in-der-wiesestrasse\/","title":{"rendered":"EINBRUCH IN B\u00c4CKEREI IN DER WIESESTRASSE"},"content":{"rendered":"\n<p>\u00dcber das Wochenende drangen Unbekannte in eine B\u00e4ckerei in der Wiesestra\u00dfe ein und brachen einen Tresor auf. Die Diebe verursachten Sachschaden in H\u00f6he eines mittleren dreistelligen Betrag und konnten mit einer Beute von zirka 1000 Euro unerkannt fl\u00fcchten. Die hinzugerufenen Beamten des Inspektionsdienstes Gera sowie der Kriminalpolizei nahmen eine Anzeige wegen besonders schweren Fall des Diebstahls auf und sicherten zahlreiche Spuren am Tatort. Die Polizei nimmt Zeugenhinweise zur Tat unter dem Aktenzeichen 0038072\/2024 entgegen.<\/p>\n","protected":false},"excerpt":{"rendered":"<div class=\"mh-excerpt\"><p>\u00dcber das Wochenende drangen Unbekannte in eine B\u00e4ckerei in der Wiesestra\u00dfe ein und brachen einen Tresor auf. Die Diebe verursachten Sachschaden in H\u00f6he eines mittleren dreistelligen Betrag und konnten mit einer Beute von zirka 1000 <a class=\"mh-excerpt-more\" href=\"https:\/\/www.studiogera.de\/001\/2024\/02\/13\/einbruch-in-baeckerei-in-der-wiesestrasse\/\" title=\"EINBRUCH IN B\u00c4CKEREI IN DER WIESESTRASSE\">[&#8230;]<\/a><\/p>\n<\/div>","protected":false},"author":2,"featured_media":9351,"comment_status":"open","ping_status":"open","sticky":false,"template":"","format":"standard","meta":{"footnotes":""},"categories":[13],"tags":[],"class_list":{"0":"post-29737","1":"post","2":"type-post","3":"status-publish","4":"format-standard","5":"has-post-thumbnail","7":"category-polizeiberichte"},"_links":{"self":[{"href":"https:\/\/www.studiogera.de\/001\/wp-json\/wp\/v2\/posts\/29737","targetHints":{"allow":["GET"]}}],"collection":[{"href":"https:\/\/www.studiogera.de\/001\/wp-json\/wp\/v2\/posts"}],"about":[{"href":"https:\/\/www.studiogera.de\/001\/wp-json\/wp\/v2\/types\/post"}],"author":[{"embeddable":true,"href":"https:\/\/www.studiogera.de\/001\/wp-json\/wp\/v2\/users\/2"}],"replies":[{"embeddable":true,"href":"https:\/\/www.studiogera.de\/001\/wp-json\/wp\/v2\/comments?post=29737"}],"version-history":[{"count":1,"href":"https:\/\/www.studiogera.de\/001\/wp-json\/wp\/v2\/posts\/29737\/revisions"}],"predecessor-version":[{"id":29738,"href":"https:\/\/www.studiogera.de\/001\/wp-json\/wp\/v2\/posts\/29737\/revisions\/29738"}],"wp:featuredmedia":[{"embeddable":true,"href":"https:\/\/www.studiogera.de\/001\/wp-json\/wp\/v2\/media\/9351"}],"wp:attachment":[{"href":"https:\/\/www.studiogera.de\/001\/wp-json\/wp\/v2\/media?parent=29737"}],"wp:term":[{"taxonomy":"category","embeddable":true,"href":"https:\/\/www.studiogera.de\/001\/wp-json\/wp\/v2\/categories?post=29737"},{"taxonomy":"post_tag","embeddable":true,"href":"https:\/\/www.studiogera.de\/001\/wp-json\/wp\/v2\/tags?post=29737"}],"curies":[{"name":"wp","href":"https:\/\/api.w.org\/{rel}","templated":true}]}}