{"id":29739,"date":"2024-02-13T04:45:08","date_gmt":"2024-02-13T03:45:08","guid":{"rendered":"http:\/\/www.studiogera.de\/001\/?p=29739"},"modified":"2024-02-13T04:45:09","modified_gmt":"2024-02-13T03:45:09","slug":"vandalismus-durch-jugendliche-und-kinder-in-lusan","status":"publish","type":"post","link":"https:\/\/www.studiogera.de\/001\/2024\/02\/13\/vandalismus-durch-jugendliche-und-kinder-in-lusan\/","title":{"rendered":"VANDALISMUS DURCH JUGENDLICHE UND KINDER IN LUSAN"},"content":{"rendered":"\n<p>Nahezu \u00fcber das gesamte Wochenende besch\u00e4ftigte eine Gruppe Jugendlicher und Kinder die Polizei in Gera. Die Minderj\u00e4hrigen entwendeten im Stadtteil Lusan mehrere Feuerl\u00f6scher und entleerten diese zum Teil in Mehrfamilienh\u00e4usern sowie an parkenden Autos. Die H\u00f6he der Sachsch\u00e4den kann bis dato noch nicht beziffert werden. Sowohl durch couragierte Zeugen und eingeleitete Fahndungsma\u00dfnahmen konnten f\u00fcnf m\u00e4nnliche T\u00e4ter der Gruppe ausfindig gemacht und an ihre Eltern \u00fcbergeben werden. Die Jungen m\u00fcssen sich nun wegen Diebstahls sowie des Missbrauchs von Nothilfemitteln verantworten.<\/p>\n","protected":false},"excerpt":{"rendered":"<div class=\"mh-excerpt\"><p>Nahezu \u00fcber das gesamte Wochenende besch\u00e4ftigte eine Gruppe Jugendlicher und Kinder die Polizei in Gera. Die Minderj\u00e4hrigen entwendeten im Stadtteil Lusan mehrere Feuerl\u00f6scher und entleerten diese zum Teil in Mehrfamilienh\u00e4usern sowie an parkenden Autos. Die <a class=\"mh-excerpt-more\" href=\"https:\/\/www.studiogera.de\/001\/2024\/02\/13\/vandalismus-durch-jugendliche-und-kinder-in-lusan\/\" title=\"VANDALISMUS DURCH JUGENDLICHE UND KINDER IN LUSAN\">[&#8230;]<\/a><\/p>\n<\/div>","protected":false},"author":2,"featured_media":9356,"comment_status":"open","ping_status":"open","sticky":false,"template":"","format":"standard","meta":{"footnotes":""},"categories":[13],"tags":[],"class_list":{"0":"post-29739","1":"post","2":"type-post","3":"status-publish","4":"format-standard","5":"has-post-thumbnail","7":"category-polizeiberichte"},"_links":{"self":[{"href":"https:\/\/www.studiogera.de\/001\/wp-json\/wp\/v2\/posts\/29739","targetHints":{"allow":["GET"]}}],"collection":[{"href":"https:\/\/www.studiogera.de\/001\/wp-json\/wp\/v2\/posts"}],"about":[{"href":"https:\/\/www.studiogera.de\/001\/wp-json\/wp\/v2\/types\/post"}],"author":[{"embeddable":true,"href":"https:\/\/www.studiogera.de\/001\/wp-json\/wp\/v2\/users\/2"}],"replies":[{"embeddable":true,"href":"https:\/\/www.studiogera.de\/001\/wp-json\/wp\/v2\/comments?post=29739"}],"version-history":[{"count":1,"href":"https:\/\/www.studiogera.de\/001\/wp-json\/wp\/v2\/posts\/29739\/revisions"}],"predecessor-version":[{"id":29740,"href":"https:\/\/www.studiogera.de\/001\/wp-json\/wp\/v2\/posts\/29739\/revisions\/29740"}],"wp:featuredmedia":[{"embeddable":true,"href":"https:\/\/www.studiogera.de\/001\/wp-json\/wp\/v2\/media\/9356"}],"wp:attachment":[{"href":"https:\/\/www.studiogera.de\/001\/wp-json\/wp\/v2\/media?parent=29739"}],"wp:term":[{"taxonomy":"category","embeddable":true,"href":"https:\/\/www.studiogera.de\/001\/wp-json\/wp\/v2\/categories?post=29739"},{"taxonomy":"post_tag","embeddable":true,"href":"https:\/\/www.studiogera.de\/001\/wp-json\/wp\/v2\/tags?post=29739"}],"curies":[{"name":"wp","href":"https:\/\/api.w.org\/{rel}","templated":true}]}}