{"id":29933,"date":"2024-02-26T15:02:15","date_gmt":"2024-02-26T14:02:15","guid":{"rendered":"http:\/\/www.studiogera.de\/001\/?p=29933"},"modified":"2024-02-26T15:02:16","modified_gmt":"2024-02-26T14:02:16","slug":"fahrzeuge-in-der-karl-wetzel-strasse-beschaedigt","status":"publish","type":"post","link":"https:\/\/www.studiogera.de\/001\/2024\/02\/26\/fahrzeuge-in-der-karl-wetzel-strasse-beschaedigt\/","title":{"rendered":"FAHRZEUGE IN DER KARL-WETZEL-STRASSE BESCH\u00c4DIGT"},"content":{"rendered":"\n<p>Das sich mehrere Personen in der Karl-Wetzel-Stra\u00dfe in Lusan an diversen Fahrzeugen zu schaffen machten, meldete ein Zeuge am Samstag, den 24. Februar, nachts kurz vor 1 Uhr der Polizei. Im Rahmen des Einsatzes konnte einer der beiden Sachbesch\u00e4diger im Rahmen der Fahndung gestellt werden. Im weiteren Verlauf war es zudem m\u00f6glich, den zweiten T\u00e4ter namentlich bekannt zu machen. Insgesamt verursachten sie Sachschaden an 13 Fahrzeugen, wobei Au\u00dfenspiegel sowie Fahrert\u00fcren besch\u00e4digt wurden. Die beiden 27 und 28 Jahre alten M\u00e4nner m\u00fcssen nun mit einem entsprechenden Ermittlungsverfahren rechnen.<\/p>\n","protected":false},"excerpt":{"rendered":"<div class=\"mh-excerpt\"><p>Das sich mehrere Personen in der Karl-Wetzel-Stra\u00dfe in Lusan an diversen Fahrzeugen zu schaffen machten, meldete ein Zeuge am Samstag, den 24. Februar, nachts kurz vor 1 Uhr der Polizei. Im Rahmen des Einsatzes konnte <a class=\"mh-excerpt-more\" href=\"https:\/\/www.studiogera.de\/001\/2024\/02\/26\/fahrzeuge-in-der-karl-wetzel-strasse-beschaedigt\/\" title=\"FAHRZEUGE IN DER KARL-WETZEL-STRASSE BESCH\u00c4DIGT\">[&#8230;]<\/a><\/p>\n<\/div>","protected":false},"author":2,"featured_media":9356,"comment_status":"open","ping_status":"open","sticky":false,"template":"","format":"standard","meta":{"footnotes":""},"categories":[13],"tags":[],"class_list":{"0":"post-29933","1":"post","2":"type-post","3":"status-publish","4":"format-standard","5":"has-post-thumbnail","7":"category-polizeiberichte"},"_links":{"self":[{"href":"https:\/\/www.studiogera.de\/001\/wp-json\/wp\/v2\/posts\/29933","targetHints":{"allow":["GET"]}}],"collection":[{"href":"https:\/\/www.studiogera.de\/001\/wp-json\/wp\/v2\/posts"}],"about":[{"href":"https:\/\/www.studiogera.de\/001\/wp-json\/wp\/v2\/types\/post"}],"author":[{"embeddable":true,"href":"https:\/\/www.studiogera.de\/001\/wp-json\/wp\/v2\/users\/2"}],"replies":[{"embeddable":true,"href":"https:\/\/www.studiogera.de\/001\/wp-json\/wp\/v2\/comments?post=29933"}],"version-history":[{"count":1,"href":"https:\/\/www.studiogera.de\/001\/wp-json\/wp\/v2\/posts\/29933\/revisions"}],"predecessor-version":[{"id":29934,"href":"https:\/\/www.studiogera.de\/001\/wp-json\/wp\/v2\/posts\/29933\/revisions\/29934"}],"wp:featuredmedia":[{"embeddable":true,"href":"https:\/\/www.studiogera.de\/001\/wp-json\/wp\/v2\/media\/9356"}],"wp:attachment":[{"href":"https:\/\/www.studiogera.de\/001\/wp-json\/wp\/v2\/media?parent=29933"}],"wp:term":[{"taxonomy":"category","embeddable":true,"href":"https:\/\/www.studiogera.de\/001\/wp-json\/wp\/v2\/categories?post=29933"},{"taxonomy":"post_tag","embeddable":true,"href":"https:\/\/www.studiogera.de\/001\/wp-json\/wp\/v2\/tags?post=29933"}],"curies":[{"name":"wp","href":"https:\/\/api.w.org\/{rel}","templated":true}]}}