{"id":29938,"date":"2024-02-26T15:09:22","date_gmt":"2024-02-26T14:09:22","guid":{"rendered":"http:\/\/www.studiogera.de\/001\/?p=29938"},"modified":"2024-02-26T15:09:24","modified_gmt":"2024-02-26T14:09:24","slug":"kind-rennt-gegen-pkw","status":"publish","type":"post","link":"https:\/\/www.studiogera.de\/001\/2024\/02\/26\/kind-rennt-gegen-pkw\/","title":{"rendered":"KIND RENNT GEGEN PKW"},"content":{"rendered":"\n<p>Zum Verkehrsunfall zwischen einem PKW VW und einem achtj\u00e4hrigen Kind kam es am Morgen des 26. Februar 2024 in der Kiefernstra\u00dfe. Nach derzeitigen Informationen befuhr der VW (Fahrer 26 Jahre alt) die Stra\u00dfe und bemerkte, wie der achtj\u00e4hrige Junge zwischen M\u00fcllcontainern auf die Stra\u00dfe lief. Unverz\u00fcglich leitete er eine Gefahrenbremsung bis zum Stillstand ein. Dennoch rannte der Junge gegen das stehende Auto und verletzte sich. Ein Rettungswagen wurde zur medizinischen Versorgung angefordert. Auch die Erziehungsberechtigte wurden von dem Unfall informiert. Die Geraer Polizei ermittelt zum Unfall.<\/p>\n","protected":false},"excerpt":{"rendered":"<div class=\"mh-excerpt\"><p>Zum Verkehrsunfall zwischen einem PKW VW und einem achtj\u00e4hrigen Kind kam es am Morgen des 26. Februar 2024 in der Kiefernstra\u00dfe. Nach derzeitigen Informationen befuhr der VW (Fahrer 26 Jahre alt) die Stra\u00dfe und bemerkte, <a class=\"mh-excerpt-more\" href=\"https:\/\/www.studiogera.de\/001\/2024\/02\/26\/kind-rennt-gegen-pkw\/\" title=\"KIND RENNT GEGEN PKW\">[&#8230;]<\/a><\/p>\n<\/div>","protected":false},"author":2,"featured_media":9353,"comment_status":"open","ping_status":"open","sticky":false,"template":"","format":"standard","meta":{"footnotes":""},"categories":[13],"tags":[],"class_list":{"0":"post-29938","1":"post","2":"type-post","3":"status-publish","4":"format-standard","5":"has-post-thumbnail","7":"category-polizeiberichte"},"_links":{"self":[{"href":"https:\/\/www.studiogera.de\/001\/wp-json\/wp\/v2\/posts\/29938","targetHints":{"allow":["GET"]}}],"collection":[{"href":"https:\/\/www.studiogera.de\/001\/wp-json\/wp\/v2\/posts"}],"about":[{"href":"https:\/\/www.studiogera.de\/001\/wp-json\/wp\/v2\/types\/post"}],"author":[{"embeddable":true,"href":"https:\/\/www.studiogera.de\/001\/wp-json\/wp\/v2\/users\/2"}],"replies":[{"embeddable":true,"href":"https:\/\/www.studiogera.de\/001\/wp-json\/wp\/v2\/comments?post=29938"}],"version-history":[{"count":1,"href":"https:\/\/www.studiogera.de\/001\/wp-json\/wp\/v2\/posts\/29938\/revisions"}],"predecessor-version":[{"id":29939,"href":"https:\/\/www.studiogera.de\/001\/wp-json\/wp\/v2\/posts\/29938\/revisions\/29939"}],"wp:featuredmedia":[{"embeddable":true,"href":"https:\/\/www.studiogera.de\/001\/wp-json\/wp\/v2\/media\/9353"}],"wp:attachment":[{"href":"https:\/\/www.studiogera.de\/001\/wp-json\/wp\/v2\/media?parent=29938"}],"wp:term":[{"taxonomy":"category","embeddable":true,"href":"https:\/\/www.studiogera.de\/001\/wp-json\/wp\/v2\/categories?post=29938"},{"taxonomy":"post_tag","embeddable":true,"href":"https:\/\/www.studiogera.de\/001\/wp-json\/wp\/v2\/tags?post=29938"}],"curies":[{"name":"wp","href":"https:\/\/api.w.org\/{rel}","templated":true}]}}