{"id":29940,"date":"2024-02-26T15:34:59","date_gmt":"2024-02-26T14:34:59","guid":{"rendered":"http:\/\/www.studiogera.de\/001\/?p=29940"},"modified":"2024-02-26T15:41:16","modified_gmt":"2024-02-26T14:41:16","slug":"staffelstab-uebergabe-bei-der-ostthueringer-malerinnung","status":"publish","type":"post","link":"https:\/\/www.studiogera.de\/001\/2024\/02\/26\/staffelstab-uebergabe-bei-der-ostthueringer-malerinnung\/","title":{"rendered":"STAFFELSTAB-\u00dcBERGABE BEI DER OSTTH\u00dcRINGER MALERINNUNG"},"content":{"rendered":"\n<p>Bei der Innung des Maler- und Lackiererhandwerks Ostth\u00fcringen stand zur diesj\u00e4hrigen Mitgliederversammlung am 19. Februar 2024 in Tautenhain die Wahl des Vorstandes an. Thomas J\u00fcttner, seit 2011 Innungsobermeister, wollte \u201edieses wichtige und die Zukunft seines Handwerks ma\u00dfgeblich gestaltende Ehrenamt rechtzeitig in j\u00fcngere H\u00e4nde geben\u201d. Vorgeschlagen und einstimmig gew\u00e4hlt wurde Malermeister Stephan Opel, Gesch\u00e4ftsf\u00fchrer der Kahlaer Maler GmbH. Der Geraer Malermeister Frank Domin erhielt als sein Stellvertreter erneut das Vertrauen der Mitgliederversammlung. Wiedergew\u00e4hlt wurden Marcel Kahnt, S\u00f6ren Lorenz und Stefan Bosold als Vorstand aktiv unterst\u00fctzen. Weitere Verst\u00e4rkung erhielt der Vorstand mit den neu gew\u00e4hlten Malermeistern Maik Schneider und Ren\u00e9 Thubauville.<\/p>\n\n\n\n<figure class=\"wp-block-image size-large\"><img decoding=\"async\" src=\"http:\/\/www.studiogera.de\/001_BILD\/ARTIKEL_085.jpg\" alt=\"\" \/><\/figure>\n\n\n\n<p>Der neue Vorstand besteht somit aus Stephan Opel, Marcel Kahnt, S\u00f6ren Lorenz (hinten), Stefan Bosold, Ren\u00e9 Thubauville, Maik Schneider, Manuela Vogt und Frank Domin (von links nach rechts).<\/p>\n\n\n\n<p><a href=\"https:\/\/www.meinhandwerk-jena.de\/\">https:\/\/www.meinhandwerk-jena.de\/<\/a><\/p>\n\n\n\n<p>QUELLE: INNUNG DES MALER- UND LACKIERERHANDWERKS OSTTH\u00dcRINGEN<\/p>\n","protected":false},"excerpt":{"rendered":"<div class=\"mh-excerpt\"><p>Bei der Innung des Maler- und Lackiererhandwerks Ostth\u00fcringen stand zur diesj\u00e4hrigen Mitgliederversammlung am 19. Februar 2024 in Tautenhain die Wahl des Vorstandes an. Thomas J\u00fcttner, seit 2011 Innungsobermeister, wollte \u201edieses wichtige und die Zukunft seines <a class=\"mh-excerpt-more\" href=\"https:\/\/www.studiogera.de\/001\/2024\/02\/26\/staffelstab-uebergabe-bei-der-ostthueringer-malerinnung\/\" title=\"STAFFELSTAB-\u00dcBERGABE BEI DER OSTTH\u00dcRINGER MALERINNUNG\">[&#8230;]<\/a><\/p>\n<\/div>","protected":false},"author":2,"featured_media":29942,"comment_status":"open","ping_status":"open","sticky":false,"template":"","format":"standard","meta":{"footnotes":""},"categories":[4],"tags":[],"class_list":{"0":"post-29940","1":"post","2":"type-post","3":"status-publish","4":"format-standard","5":"has-post-thumbnail","7":"category-wirtschaft"},"_links":{"self":[{"href":"https:\/\/www.studiogera.de\/001\/wp-json\/wp\/v2\/posts\/29940","targetHints":{"allow":["GET"]}}],"collection":[{"href":"https:\/\/www.studiogera.de\/001\/wp-json\/wp\/v2\/posts"}],"about":[{"href":"https:\/\/www.studiogera.de\/001\/wp-json\/wp\/v2\/types\/post"}],"author":[{"embeddable":true,"href":"https:\/\/www.studiogera.de\/001\/wp-json\/wp\/v2\/users\/2"}],"replies":[{"embeddable":true,"href":"https:\/\/www.studiogera.de\/001\/wp-json\/wp\/v2\/comments?post=29940"}],"version-history":[{"count":1,"href":"https:\/\/www.studiogera.de\/001\/wp-json\/wp\/v2\/posts\/29940\/revisions"}],"predecessor-version":[{"id":29941,"href":"https:\/\/www.studiogera.de\/001\/wp-json\/wp\/v2\/posts\/29940\/revisions\/29941"}],"wp:featuredmedia":[{"embeddable":true,"href":"https:\/\/www.studiogera.de\/001\/wp-json\/wp\/v2\/media\/29942"}],"wp:attachment":[{"href":"https:\/\/www.studiogera.de\/001\/wp-json\/wp\/v2\/media?parent=29940"}],"wp:term":[{"taxonomy":"category","embeddable":true,"href":"https:\/\/www.studiogera.de\/001\/wp-json\/wp\/v2\/categories?post=29940"},{"taxonomy":"post_tag","embeddable":true,"href":"https:\/\/www.studiogera.de\/001\/wp-json\/wp\/v2\/tags?post=29940"}],"curies":[{"name":"wp","href":"https:\/\/api.w.org\/{rel}","templated":true}]}}