{"id":29943,"date":"2024-02-28T00:10:00","date_gmt":"2024-02-27T23:10:00","guid":{"rendered":"http:\/\/www.studiogera.de\/001\/?p=29943"},"modified":"2024-02-26T15:46:49","modified_gmt":"2024-02-26T14:46:49","slug":"information-der-partei-buendnis-90-die-gruenen-27","status":"publish","type":"post","link":"https:\/\/www.studiogera.de\/001\/2024\/02\/28\/information-der-partei-buendnis-90-die-gruenen-27\/","title":{"rendered":"INFORMATION DER PARTEI \u201eB\u00dcNDNIS \u201990\/DIE GR\u00dcNEN\u201c"},"content":{"rendered":"\n<p><em>Lesen Sie nachfolgend eine Mitteilung des Kreisverbandes Gera der Partei B\u00fcndnis 90\/Die Gr\u00fcnen.<\/em><\/p>\n\n\n\n<p>Am Mittwoch, den 28. Februar 2024, l\u00e4dt die Fraktion von B\u00fcndnis 90\/Die Gr\u00fcnen Gera zum Stadtratsstammtisch ab 19 Uhr im Downtown Gera ein.<\/p>\n\n\n\n<p>Der Stammtisch findet traditionell in der Woche vor der Stadtratssitzung mit dem Fraktionsvorsitzenden Nils Fr\u00f6hlich statt. Neben den Vorlagen der n\u00e4chsten Ratssitzung m\u00f6chte die Fraktion aus aktuellem Anlass das Treffen nutzen, um \u00fcber politische Bildung und zivilgesellschaftliches Engagement in Gera ins Gespr\u00e4ch zu kommen.<\/p>\n\n\n\n<p>F\u00fcr individuelle Gespr\u00e4che zur Landes- und Kommunalpolitik findet jeden Mittwoch von 15 Uhr bis 17 Uhr eine Sprechstunde im Gr\u00fcnen B\u00fcro in der Heinrichstra\u00dfe 50 statt.<\/p>\n\n\n\n<p>QUELLE: B\u00dcNDNIS \u201990\/DIE GR\u00dcNEN<\/p>\n","protected":false},"excerpt":{"rendered":"<div class=\"mh-excerpt\"><p>Lesen Sie nachfolgend eine Mitteilung des Kreisverbandes Gera der Partei B\u00fcndnis 90\/Die Gr\u00fcnen. Am Mittwoch, den 28. Februar 2024, l\u00e4dt die Fraktion von B\u00fcndnis 90\/Die Gr\u00fcnen Gera zum Stadtratsstammtisch ab 19 Uhr im Downtown Gera <a class=\"mh-excerpt-more\" href=\"https:\/\/www.studiogera.de\/001\/2024\/02\/28\/information-der-partei-buendnis-90-die-gruenen-27\/\" title=\"INFORMATION DER PARTEI \u201eB\u00dcNDNIS \u201990\/DIE GR\u00dcNEN\u201c\">[&#8230;]<\/a><\/p>\n<\/div>","protected":false},"author":2,"featured_media":24448,"comment_status":"open","ping_status":"open","sticky":false,"template":"","format":"standard","meta":{"footnotes":""},"categories":[16],"tags":[],"class_list":{"0":"post-29943","1":"post","2":"type-post","3":"status-publish","4":"format-standard","5":"has-post-thumbnail","7":"category-kurzmitteilungen"},"_links":{"self":[{"href":"https:\/\/www.studiogera.de\/001\/wp-json\/wp\/v2\/posts\/29943","targetHints":{"allow":["GET"]}}],"collection":[{"href":"https:\/\/www.studiogera.de\/001\/wp-json\/wp\/v2\/posts"}],"about":[{"href":"https:\/\/www.studiogera.de\/001\/wp-json\/wp\/v2\/types\/post"}],"author":[{"embeddable":true,"href":"https:\/\/www.studiogera.de\/001\/wp-json\/wp\/v2\/users\/2"}],"replies":[{"embeddable":true,"href":"https:\/\/www.studiogera.de\/001\/wp-json\/wp\/v2\/comments?post=29943"}],"version-history":[{"count":1,"href":"https:\/\/www.studiogera.de\/001\/wp-json\/wp\/v2\/posts\/29943\/revisions"}],"predecessor-version":[{"id":29944,"href":"https:\/\/www.studiogera.de\/001\/wp-json\/wp\/v2\/posts\/29943\/revisions\/29944"}],"wp:featuredmedia":[{"embeddable":true,"href":"https:\/\/www.studiogera.de\/001\/wp-json\/wp\/v2\/media\/24448"}],"wp:attachment":[{"href":"https:\/\/www.studiogera.de\/001\/wp-json\/wp\/v2\/media?parent=29943"}],"wp:term":[{"taxonomy":"category","embeddable":true,"href":"https:\/\/www.studiogera.de\/001\/wp-json\/wp\/v2\/categories?post=29943"},{"taxonomy":"post_tag","embeddable":true,"href":"https:\/\/www.studiogera.de\/001\/wp-json\/wp\/v2\/tags?post=29943"}],"curies":[{"name":"wp","href":"https:\/\/api.w.org\/{rel}","templated":true}]}}