{"id":29947,"date":"2024-02-27T00:10:00","date_gmt":"2024-02-26T23:10:00","guid":{"rendered":"http:\/\/www.studiogera.de\/001\/?p=29947"},"modified":"2024-02-26T16:02:24","modified_gmt":"2024-02-26T15:02:24","slug":"diskussionsveranstaltung-des-geraer-bahnbuendnisses-im-stadtmuseum","status":"publish","type":"post","link":"https:\/\/www.studiogera.de\/001\/2024\/02\/27\/diskussionsveranstaltung-des-geraer-bahnbuendnisses-im-stadtmuseum\/","title":{"rendered":"DISKUSSIONSVERANSTALTUNG DES GERAER BAHNB\u00dcNDNISSES IM STADTMUSEUM"},"content":{"rendered":"\n<p>Das Geraer Bahnb\u00fcndnis l\u00e4dt am Dienstag, den 27. Februar, zur ersten Diskussionsveranstaltung im Jahr 2024 ein. Vor Ort im Stadtmuseum sind die beiden Sprecher Elisabeth Kaiser (MdB\/SPD) und Andreas Schubert (MdL\/Die Linke), desweiteren Vertreter der Deutschen Bahn und aus dem Th\u00fcringer Ministerium f\u00fcr Infrastruktur.<\/p>\n\n\n\n<p>Thematisiert werden die Elektrifizierung der Mitte-Deutschland-Verbindung, hier insbesondere die Finanzierung, und Qualit\u00e4tsverbesserungen auf der Verbindung nach Erfurt. Es geht um modernere Intercity-Wagen und mehr Kapazit\u00e4ten bei den Z\u00fcgen nach Erfurt. Ferner wird \u00fcber eine S-Bahn-Verbindung von Gera nach Leipzig gesprochen.<\/p>\n","protected":false},"excerpt":{"rendered":"<div class=\"mh-excerpt\"><p>Das Geraer Bahnb\u00fcndnis l\u00e4dt am Dienstag, den 27. Februar, zur ersten Diskussionsveranstaltung im Jahr 2024 ein. Vor Ort im Stadtmuseum sind die beiden Sprecher Elisabeth Kaiser (MdB\/SPD) und Andreas Schubert (MdL\/Die Linke), desweiteren Vertreter der <a class=\"mh-excerpt-more\" href=\"https:\/\/www.studiogera.de\/001\/2024\/02\/27\/diskussionsveranstaltung-des-geraer-bahnbuendnisses-im-stadtmuseum\/\" title=\"DISKUSSIONSVERANSTALTUNG DES GERAER BAHNB\u00dcNDNISSES IM STADTMUSEUM\">[&#8230;]<\/a><\/p>\n<\/div>","protected":false},"author":2,"featured_media":22617,"comment_status":"open","ping_status":"open","sticky":false,"template":"","format":"standard","meta":{"footnotes":""},"categories":[16],"tags":[],"class_list":{"0":"post-29947","1":"post","2":"type-post","3":"status-publish","4":"format-standard","5":"has-post-thumbnail","7":"category-kurzmitteilungen"},"_links":{"self":[{"href":"https:\/\/www.studiogera.de\/001\/wp-json\/wp\/v2\/posts\/29947","targetHints":{"allow":["GET"]}}],"collection":[{"href":"https:\/\/www.studiogera.de\/001\/wp-json\/wp\/v2\/posts"}],"about":[{"href":"https:\/\/www.studiogera.de\/001\/wp-json\/wp\/v2\/types\/post"}],"author":[{"embeddable":true,"href":"https:\/\/www.studiogera.de\/001\/wp-json\/wp\/v2\/users\/2"}],"replies":[{"embeddable":true,"href":"https:\/\/www.studiogera.de\/001\/wp-json\/wp\/v2\/comments?post=29947"}],"version-history":[{"count":1,"href":"https:\/\/www.studiogera.de\/001\/wp-json\/wp\/v2\/posts\/29947\/revisions"}],"predecessor-version":[{"id":29948,"href":"https:\/\/www.studiogera.de\/001\/wp-json\/wp\/v2\/posts\/29947\/revisions\/29948"}],"wp:featuredmedia":[{"embeddable":true,"href":"https:\/\/www.studiogera.de\/001\/wp-json\/wp\/v2\/media\/22617"}],"wp:attachment":[{"href":"https:\/\/www.studiogera.de\/001\/wp-json\/wp\/v2\/media?parent=29947"}],"wp:term":[{"taxonomy":"category","embeddable":true,"href":"https:\/\/www.studiogera.de\/001\/wp-json\/wp\/v2\/categories?post=29947"},{"taxonomy":"post_tag","embeddable":true,"href":"https:\/\/www.studiogera.de\/001\/wp-json\/wp\/v2\/tags?post=29947"}],"curies":[{"name":"wp","href":"https:\/\/api.w.org\/{rel}","templated":true}]}}