{"id":29949,"date":"2024-02-26T16:10:17","date_gmt":"2024-02-26T15:10:17","guid":{"rendered":"http:\/\/www.studiogera.de\/001\/?p=29949"},"modified":"2024-02-26T16:10:19","modified_gmt":"2024-02-26T15:10:19","slug":"neues-angebot-der-geraer-bibliothek","status":"publish","type":"post","link":"https:\/\/www.studiogera.de\/001\/2024\/02\/26\/neues-angebot-der-geraer-bibliothek\/","title":{"rendered":"NEUES ANGEBOT DER GERAER BIBLIOTHEK"},"content":{"rendered":"\n<p>Die Stadt- und Regionalbibliothek Gera bietet seit kurzem neu sogenannte &#8222;Kekze&#8220; zur Ausleihe an. Gemeint sind keine kr\u00fcmeligen Pl\u00e4tzchen, sondern ein neuartiges H\u00f6rsystem f\u00fcr Kinder ab drei Jahren. Die beiden Erfinder Carl Taylor und Adin Mumma stammen aus der Musik- und Designindustrie und haben ihre langj\u00e4hrigen Erfahrungen in diesem Produkt vereint. Kleine, runde Audiochips werden seitlich in dazugeh\u00f6rige, kabellose Kopfh\u00f6rer gesteckt und spielen dann Musik, H\u00f6rb\u00fccher oder H\u00f6rspiele ab. Es wird kein Handy oder Tablet und auch keine Internetverbindung ben\u00f6tigt. Die Wiedergabe erfolgt \u00fcber einen Ann\u00e4herungssensor, der durch das Auf- und Absetzen der Kopfh\u00f6rer aktiviert wird. Am Kopfh\u00f6rer ist zudem ein gro\u00dfer Bedienknopf verbaut, welcher zum An- und Ausschalten sowie zum Vor- und Zur\u00fcckspulen dient. Die Lautst\u00e4rke ist anpassbar und auf das junge Geh\u00f6r abgestimmt. Die Kekze sind robuster als CDs und im Gegensatz zur Toniebox muss die Umgebung die Geschichte nicht immer mith\u00f6ren.<\/p>\n\n\n\n<p>Zur Auswahl stehen aktuell 25 verschiedene Kekze mit Geschichten und Liedern, z. B. von &#8222;Miraculous&#8220;, &#8222;Feuerwehrmann Sam&#8220; oder &#8222;Bobo Siebenschl\u00e4fer&#8220;. Mit einem g\u00fcltigen Bibliotheksausweis k\u00f6nnen bis zu drei St\u00fcck f\u00fcr vier Wochen ausgeliehen werden. Auch die dazugeh\u00f6rigen Kopfh\u00f6rer k\u00f6nnen zum Ausprobieren entliehen werden. Hiervon stehen vier bereit. Unterst\u00fctzung bei der Anschaffung erhielt die Bibliothek vom F\u00f6rderverein Buch und Leser e. V.<\/p>\n\n\n\n<p>QUELLE: STADTVERWALTUNG<\/p>\n","protected":false},"excerpt":{"rendered":"<div class=\"mh-excerpt\"><p>Die Stadt- und Regionalbibliothek Gera bietet seit kurzem neu sogenannte &#8222;Kekze&#8220; zur Ausleihe an. Gemeint sind keine kr\u00fcmeligen Pl\u00e4tzchen, sondern ein neuartiges H\u00f6rsystem f\u00fcr Kinder ab drei Jahren. Die beiden Erfinder Carl Taylor und Adin <a class=\"mh-excerpt-more\" href=\"https:\/\/www.studiogera.de\/001\/2024\/02\/26\/neues-angebot-der-geraer-bibliothek\/\" title=\"NEUES ANGEBOT DER GERAER BIBLIOTHEK\">[&#8230;]<\/a><\/p>\n<\/div>","protected":false},"author":2,"featured_media":29950,"comment_status":"open","ping_status":"open","sticky":false,"template":"","format":"standard","meta":{"footnotes":""},"categories":[8],"tags":[],"class_list":{"0":"post-29949","1":"post","2":"type-post","3":"status-publish","4":"format-standard","5":"has-post-thumbnail","7":"category-kultur"},"_links":{"self":[{"href":"https:\/\/www.studiogera.de\/001\/wp-json\/wp\/v2\/posts\/29949","targetHints":{"allow":["GET"]}}],"collection":[{"href":"https:\/\/www.studiogera.de\/001\/wp-json\/wp\/v2\/posts"}],"about":[{"href":"https:\/\/www.studiogera.de\/001\/wp-json\/wp\/v2\/types\/post"}],"author":[{"embeddable":true,"href":"https:\/\/www.studiogera.de\/001\/wp-json\/wp\/v2\/users\/2"}],"replies":[{"embeddable":true,"href":"https:\/\/www.studiogera.de\/001\/wp-json\/wp\/v2\/comments?post=29949"}],"version-history":[{"count":1,"href":"https:\/\/www.studiogera.de\/001\/wp-json\/wp\/v2\/posts\/29949\/revisions"}],"predecessor-version":[{"id":29951,"href":"https:\/\/www.studiogera.de\/001\/wp-json\/wp\/v2\/posts\/29949\/revisions\/29951"}],"wp:featuredmedia":[{"embeddable":true,"href":"https:\/\/www.studiogera.de\/001\/wp-json\/wp\/v2\/media\/29950"}],"wp:attachment":[{"href":"https:\/\/www.studiogera.de\/001\/wp-json\/wp\/v2\/media?parent=29949"}],"wp:term":[{"taxonomy":"category","embeddable":true,"href":"https:\/\/www.studiogera.de\/001\/wp-json\/wp\/v2\/categories?post=29949"},{"taxonomy":"post_tag","embeddable":true,"href":"https:\/\/www.studiogera.de\/001\/wp-json\/wp\/v2\/tags?post=29949"}],"curies":[{"name":"wp","href":"https:\/\/api.w.org\/{rel}","templated":true}]}}