{"id":29955,"date":"2024-02-26T16:31:13","date_gmt":"2024-02-26T15:31:13","guid":{"rendered":"http:\/\/www.studiogera.de\/001\/?p=29955"},"modified":"2024-02-26T16:31:14","modified_gmt":"2024-02-26T15:31:14","slug":"bislang-4000-besucher-bei-achtung-baustelle","status":"publish","type":"post","link":"https:\/\/www.studiogera.de\/001\/2024\/02\/26\/bislang-4000-besucher-bei-achtung-baustelle\/","title":{"rendered":"BISLANG 4000 BESUCHER BEI \u201eACHTUNG BAUSTELLE!\u201c"},"content":{"rendered":"\n<p>Der n\u00e4chste Termin in der Reihe \u201eGeschichte am Nachmittag\u201c des Stadtmuseums Gera steht ganz im Zeichen der laufenden Sonderausstellung \u201eAchtung Baustelle!\u201c: Am Donnerstag, den 29. Februar 2024, findet um 14 Uhr eine F\u00fchrung durch die Ausstellung statt. Ein neues sozialistisches Stadtzentrum mit einem zentralen Platz als Mittelpunkt sollte in Geras Zentrum ab 1958 entstehen. Mit historischen Fotografien, Pl\u00e4nen und Modellen beleuchtet die Ausstellung den tiefgreifenden Wandel der Geraer Innenstadt in den darauf folgenden Jahrzehnten. Zur F\u00fchrung sind alle Interessenten herzlich eingeladen.<\/p>\n\n\n\n<p>Die Ausstellung \u201eAchtung Baustelle!\u201c im Stadtmuseum hat sich mit bisher rund 4000 G\u00e4sten zu einem Besuchermagneten entwickelt. Einen Schwerpunkt in der Ausstellung bildet die Geschichte des Zentralen Platzes am Kultur- und Kongresszentrum. Die ersten Entw\u00fcrfe sahen diesen Platz auf dem Gel\u00e4nde der Gera-Arcaden sowie eine sechsspurige Magistrale quer durch die Innenstadt vor. In den 1960er Jahren \u201ewanderte\u201c der Zentrale Platz in den Planungen an seine heutige Stelle, zun\u00e4chst allerdings in wesentlich gr\u00f6\u00dferen Dimensionen. Den Mittel- und H\u00f6hepunkt sollte ein 25-geschossiges Hochhaus bilden. Anfang der 1970er Jahre wurden die Pl\u00e4ne deutlich reduziert und die heute existierende Variante mit dem Haus der Kultur in Angriff genommen.<\/p>\n\n\n\n<p>Die n\u00e4chsten F\u00fchrungen durch die Ausstellung finden an den drei Sonntagen 3., 17. und 24. M\u00e4rz jeweils um 14 Uhr statt.<\/p>\n\n\n\n<p>QUELLE: STADTVERWALTUNG<\/p>\n","protected":false},"excerpt":{"rendered":"<div class=\"mh-excerpt\"><p>Der n\u00e4chste Termin in der Reihe \u201eGeschichte am Nachmittag\u201c des Stadtmuseums Gera steht ganz im Zeichen der laufenden Sonderausstellung \u201eAchtung Baustelle!\u201c: Am Donnerstag, den 29. Februar 2024, findet um 14 Uhr eine F\u00fchrung durch die <a class=\"mh-excerpt-more\" href=\"https:\/\/www.studiogera.de\/001\/2024\/02\/26\/bislang-4000-besucher-bei-achtung-baustelle\/\" title=\"BISLANG 4000 BESUCHER BEI \u201eACHTUNG BAUSTELLE!\u201c\">[&#8230;]<\/a><\/p>\n<\/div>","protected":false},"author":2,"featured_media":29956,"comment_status":"open","ping_status":"open","sticky":false,"template":"","format":"standard","meta":{"footnotes":""},"categories":[8],"tags":[],"class_list":{"0":"post-29955","1":"post","2":"type-post","3":"status-publish","4":"format-standard","5":"has-post-thumbnail","7":"category-kultur"},"_links":{"self":[{"href":"https:\/\/www.studiogera.de\/001\/wp-json\/wp\/v2\/posts\/29955","targetHints":{"allow":["GET"]}}],"collection":[{"href":"https:\/\/www.studiogera.de\/001\/wp-json\/wp\/v2\/posts"}],"about":[{"href":"https:\/\/www.studiogera.de\/001\/wp-json\/wp\/v2\/types\/post"}],"author":[{"embeddable":true,"href":"https:\/\/www.studiogera.de\/001\/wp-json\/wp\/v2\/users\/2"}],"replies":[{"embeddable":true,"href":"https:\/\/www.studiogera.de\/001\/wp-json\/wp\/v2\/comments?post=29955"}],"version-history":[{"count":1,"href":"https:\/\/www.studiogera.de\/001\/wp-json\/wp\/v2\/posts\/29955\/revisions"}],"predecessor-version":[{"id":29957,"href":"https:\/\/www.studiogera.de\/001\/wp-json\/wp\/v2\/posts\/29955\/revisions\/29957"}],"wp:featuredmedia":[{"embeddable":true,"href":"https:\/\/www.studiogera.de\/001\/wp-json\/wp\/v2\/media\/29956"}],"wp:attachment":[{"href":"https:\/\/www.studiogera.de\/001\/wp-json\/wp\/v2\/media?parent=29955"}],"wp:term":[{"taxonomy":"category","embeddable":true,"href":"https:\/\/www.studiogera.de\/001\/wp-json\/wp\/v2\/categories?post=29955"},{"taxonomy":"post_tag","embeddable":true,"href":"https:\/\/www.studiogera.de\/001\/wp-json\/wp\/v2\/tags?post=29955"}],"curies":[{"name":"wp","href":"https:\/\/api.w.org\/{rel}","templated":true}]}}