{"id":29958,"date":"2024-02-26T22:49:29","date_gmt":"2024-02-26T21:49:29","guid":{"rendered":"http:\/\/www.studiogera.de\/001\/?p=29958"},"modified":"2024-02-27T11:49:51","modified_gmt":"2024-02-27T10:49:51","slug":"der-schalttag-im-februar","status":"publish","type":"post","link":"https:\/\/www.studiogera.de\/001\/2024\/02\/26\/der-schalttag-im-februar\/","title":{"rendered":"DER SCHALTTAG IM FEBRUAR"},"content":{"rendered":"\n<p>In diesem Jahr ist es wieder soweit. Der Februar hat 29 Tage, und damit einen mehr als im Gemeinjahr. Was hat es mit dieser Regelung auf sich, und warum wird der zus\u00e4tzliche Tag am Ende des Monats Februar angef\u00fcgt?<\/p>\n\n\n\n<p>Die Erde ben\u00f6tigt f\u00fcr eine Umdrehung um die Sonne 365 Tage und rund sechs Stunden. Summiert man diese Restzeit, ergibt sich in vier Jahren ein zus\u00e4tzlicher Tag. Genaugenommen sind es aber etwas weniger als sechs Stunden. Es geht um rund elf Minuten pro Jahr, die sich in 128 Jahren zu einem Tag aufsummieren. Diese Ungenauigkeit w\u00fcrde zu Schwierigkeiten bei der Terminierung des Osterfestes f\u00fchren. Deshalb wurde der auf Gehei\u00df von Gaius Iulius Caeser reformierte r\u00f6mische Kalender durch die p\u00e4pstliche Bulle \u201eInter gravissimas curas\u201d gewisserma\u00dfen verfeinert. Sie gilt seit dem 24. Februar 1582 und beinhaltet folgende Regeln:<\/p>\n\n\n\n<p>Der zus\u00e4tzliche Tag wird eingef\u00fcgt, wenn die Jahreszahl restlos durch vier teilbar ist. Der 29. Februar entf\u00e4llt wiederum, wenn die Jahreszahl durch vier und 100 restlos teilbar ist. Er wird eingef\u00fcgt, wenn die Jahreszahl sowohl durch vier, durch 100 als auch durch 400 teilbar ist.<\/p>\n\n\n\n<p>Der Februar war urspr\u00fcnglich der letzte Monat des r\u00f6mischen Kalenderjahres, was an den Bezeichnungen septem f\u00fcr sieben, octo f\u00fcr acht, novem f\u00fcr neun und decem f\u00fcr zehn heute noch erkennbar ist. Dort fand der Schalttag seinen Platz.<\/p>\n\n\n\n<p>F\u00fcr einen Umlauf um die Sonne ben\u00f6tigt die Erde 365 Tage, f\u00fcnf Stunden, 48 Minuten und 45,216 Sekunden bzw. 365 und 97\/400 Tage. Im Zeitraum vom 400 Jahren sieht die Regel 97 Jahre mit einem zus\u00e4tzlichen Tag vor. Damit ist die Differenz aber noch immer nicht ausgeglichen, denn die jetzige Kalenderzeit ist in der Langzeitbetrachtung pro Jahr um 26,739 Sekunden zu lang, weil eine Gesamtl\u00e4nge von 365 Tage, f\u00fcnf Stunden, 49 Minuten und zw\u00f6lf Sekunden zustande kommt. In 3231 Jahren ab dem Jahr 1582 muss deshalb wieder ein Schalttag ausfallen.<\/p>\n","protected":false},"excerpt":{"rendered":"<div class=\"mh-excerpt\"><p>In diesem Jahr ist es wieder soweit. Der Februar hat 29 Tage, und damit einen mehr als im Gemeinjahr. Was hat es mit dieser Regelung auf sich, und warum wird der zus\u00e4tzliche Tag am Ende <a class=\"mh-excerpt-more\" href=\"https:\/\/www.studiogera.de\/001\/2024\/02\/26\/der-schalttag-im-februar\/\" title=\"DER SCHALTTAG IM FEBRUAR\">[&#8230;]<\/a><\/p>\n<\/div>","protected":false},"author":2,"featured_media":29959,"comment_status":"open","ping_status":"open","sticky":false,"template":"","format":"standard","meta":{"footnotes":""},"categories":[1],"tags":[],"class_list":{"0":"post-29958","1":"post","2":"type-post","3":"status-publish","4":"format-standard","5":"has-post-thumbnail","7":"category-vermischtes"},"_links":{"self":[{"href":"https:\/\/www.studiogera.de\/001\/wp-json\/wp\/v2\/posts\/29958","targetHints":{"allow":["GET"]}}],"collection":[{"href":"https:\/\/www.studiogera.de\/001\/wp-json\/wp\/v2\/posts"}],"about":[{"href":"https:\/\/www.studiogera.de\/001\/wp-json\/wp\/v2\/types\/post"}],"author":[{"embeddable":true,"href":"https:\/\/www.studiogera.de\/001\/wp-json\/wp\/v2\/users\/2"}],"replies":[{"embeddable":true,"href":"https:\/\/www.studiogera.de\/001\/wp-json\/wp\/v2\/comments?post=29958"}],"version-history":[{"count":2,"href":"https:\/\/www.studiogera.de\/001\/wp-json\/wp\/v2\/posts\/29958\/revisions"}],"predecessor-version":[{"id":29978,"href":"https:\/\/www.studiogera.de\/001\/wp-json\/wp\/v2\/posts\/29958\/revisions\/29978"}],"wp:featuredmedia":[{"embeddable":true,"href":"https:\/\/www.studiogera.de\/001\/wp-json\/wp\/v2\/media\/29959"}],"wp:attachment":[{"href":"https:\/\/www.studiogera.de\/001\/wp-json\/wp\/v2\/media?parent=29958"}],"wp:term":[{"taxonomy":"category","embeddable":true,"href":"https:\/\/www.studiogera.de\/001\/wp-json\/wp\/v2\/categories?post=29958"},{"taxonomy":"post_tag","embeddable":true,"href":"https:\/\/www.studiogera.de\/001\/wp-json\/wp\/v2\/tags?post=29958"}],"curies":[{"name":"wp","href":"https:\/\/api.w.org\/{rel}","templated":true}]}}