{"id":29963,"date":"2024-02-27T09:49:00","date_gmt":"2024-02-27T08:49:00","guid":{"rendered":"http:\/\/www.studiogera.de\/001\/?p=29963"},"modified":"2024-02-27T09:49:01","modified_gmt":"2024-02-27T08:49:01","slug":"einbrecher-in-der-lietzscher-strasse","status":"publish","type":"post","link":"https:\/\/www.studiogera.de\/001\/2024\/02\/27\/einbrecher-in-der-lietzscher-strasse\/","title":{"rendered":"EINBRECHER IN DER LIETZSCHER STRASSE"},"content":{"rendered":"\n<p>Vier G\u00e4rten einer Gartenanlage in der Lietzscher Stra\u00dfe waren in den vergangenen Tagen, der Zeit vom 24. bis 26. Februar 2024, das Ziel unbekannter T\u00e4ter. Diese drangen unberechtigt und anschlie\u00dfend gewaltsam in die dortigen Gartenlauben ein und verursachten Sachschaden. Des Weiteren wurden die G\u00e4rten durchw\u00fchlt. Gestohlen haben die T\u00e4ter letztlich Werkzeug, ein Radio und zwei Taschen. Unerkannt gelang ihnen anschlie\u00dfend die Flucht. Die Geraer Polizei nahm die Ermittlungen auf und nimmt Zeugenhinweise unter der Rufnummer +493658290 entgegen. Anzugeben ist die Bezugsnummer 0051748\/2024<\/p>\n","protected":false},"excerpt":{"rendered":"<div class=\"mh-excerpt\"><p>Vier G\u00e4rten einer Gartenanlage in der Lietzscher Stra\u00dfe waren in den vergangenen Tagen, der Zeit vom 24. bis 26. Februar 2024, das Ziel unbekannter T\u00e4ter. Diese drangen unberechtigt und anschlie\u00dfend gewaltsam in die dortigen Gartenlauben <a class=\"mh-excerpt-more\" href=\"https:\/\/www.studiogera.de\/001\/2024\/02\/27\/einbrecher-in-der-lietzscher-strasse\/\" title=\"EINBRECHER IN DER LIETZSCHER STRASSE\">[&#8230;]<\/a><\/p>\n<\/div>","protected":false},"author":2,"featured_media":9353,"comment_status":"open","ping_status":"open","sticky":false,"template":"","format":"standard","meta":{"footnotes":""},"categories":[13],"tags":[],"class_list":{"0":"post-29963","1":"post","2":"type-post","3":"status-publish","4":"format-standard","5":"has-post-thumbnail","7":"category-polizeiberichte"},"_links":{"self":[{"href":"https:\/\/www.studiogera.de\/001\/wp-json\/wp\/v2\/posts\/29963","targetHints":{"allow":["GET"]}}],"collection":[{"href":"https:\/\/www.studiogera.de\/001\/wp-json\/wp\/v2\/posts"}],"about":[{"href":"https:\/\/www.studiogera.de\/001\/wp-json\/wp\/v2\/types\/post"}],"author":[{"embeddable":true,"href":"https:\/\/www.studiogera.de\/001\/wp-json\/wp\/v2\/users\/2"}],"replies":[{"embeddable":true,"href":"https:\/\/www.studiogera.de\/001\/wp-json\/wp\/v2\/comments?post=29963"}],"version-history":[{"count":1,"href":"https:\/\/www.studiogera.de\/001\/wp-json\/wp\/v2\/posts\/29963\/revisions"}],"predecessor-version":[{"id":29964,"href":"https:\/\/www.studiogera.de\/001\/wp-json\/wp\/v2\/posts\/29963\/revisions\/29964"}],"wp:featuredmedia":[{"embeddable":true,"href":"https:\/\/www.studiogera.de\/001\/wp-json\/wp\/v2\/media\/9353"}],"wp:attachment":[{"href":"https:\/\/www.studiogera.de\/001\/wp-json\/wp\/v2\/media?parent=29963"}],"wp:term":[{"taxonomy":"category","embeddable":true,"href":"https:\/\/www.studiogera.de\/001\/wp-json\/wp\/v2\/categories?post=29963"},{"taxonomy":"post_tag","embeddable":true,"href":"https:\/\/www.studiogera.de\/001\/wp-json\/wp\/v2\/tags?post=29963"}],"curies":[{"name":"wp","href":"https:\/\/api.w.org\/{rel}","templated":true}]}}