{"id":29967,"date":"2024-02-27T10:13:47","date_gmt":"2024-02-27T09:13:47","guid":{"rendered":"http:\/\/www.studiogera.de\/001\/?p=29967"},"modified":"2024-02-27T10:13:48","modified_gmt":"2024-02-27T09:13:48","slug":"zweitaegiger-streik-im-oepnv","status":"publish","type":"post","link":"https:\/\/www.studiogera.de\/001\/2024\/02\/27\/zweitaegiger-streik-im-oepnv\/","title":{"rendered":"ZWEIT\u00c4GIGER STREIK IM \u00d6PNV"},"content":{"rendered":"\n<p>Nach einer Pressemitteilung der Vereinten Dienstleistungsgewerkschaft ruft diese ihre Besch\u00e4ftigten am 28. und 29. Februar 2024 zu einem 48-st\u00fcndigen Warnstreik in Th\u00fcringen auf. Fahrg\u00e4ste m\u00fcssen daher damit rechnen, dass die Linien des GVB ab Mittwoch, den 28. Februar 2024, mit Betriebsbeginn um 3.40 Uhr \u00fcber einen Zeitraum von 48 Stunden nicht bedient werden.<\/p>\n\n\n\n<p>Gegenw\u00e4rtig werden mit Ausnahme von Bayern in allen Bundesl\u00e4ndern Tarifverhandlungen in der Nahverkehrsbranche gef\u00fchrt. In Th\u00fcringen hatten die Arbeitgeber bereits in der dritten Tarifrunde im Januar ein Angebot mit einer Tarifsteigerung von 11,5 % und Verbesserungen der Arbeitsbedingungen vorgelegt, welches seitens ver.di als unzureichend abgelehnt wurde. In der darauffolgenden Verhandlungsrunde am 13. Februar wollten die Arbeitgeber ein weiteres verbessertes Angebot vorlegen. Zu Verhandlungsbeginn mussten diese aber zur Kenntnis nehmen, dass der Bundesvorstand der Vereinten Dienstleistungsgewerkschaft unabh\u00e4ngig vom Ergebnis der auf den 13. Februar 2024 anberaumten Verhandlungen bereits weitere Streiks eingeplant hatte und zudem kein Abschlussmandat seitens des Verhandlungsf\u00fchrers der Gewerrkschaft betreffend des TV-N-Th\u00fcringen bestand. Trotz Gespr\u00e4chsbereitschaft und gro\u00dfen Interesses der Arbeitgeber, den Tarifstreit am 13. Februar durch ein deutlich verbessertes Angebot zu beenden, konnte daher das vorbereitete Angebot aufgrund der schon im Vorhinein feststehenden Streiks nicht vorgelegt werden.<\/p>\n\n\n\n<p>\u201eDie f\u00fcr den kommenden Mittwoch und Donnerstag geplanten Warnstreiks haben keinen Einfluss auf das bereits vorbereitete Angebot, welches die Arbeitgeber nun in der vierten Tarifrunde am 13. M\u00e4rz vorlegen werden. Insoweit erschlie\u00dft sich aus Arbeitgebersicht der Sinn der angek\u00fcndigten Streiks nicht\u201c, sagt Thorsten R\u00fchle, der als Gesch\u00e4ftsf\u00fchrer der GVB f\u00fcr die Arbeitgeberseite mit am Verhandlungstisch sitzt. \u201eWir sind entt\u00e4uscht, dass die Durchsetzung bundespolitisch motivierter Ziele auf dem R\u00fccken unserer Fahrg\u00e4ste ausgetragen wird\u201c, bedauert R\u00fchle das Agieren der Gewerkschaft. \u201eWir verzeichnen seit der Einf\u00fchrung des Deutschland-Tickets einen stetigen Fahrgastzuwachs. Das \u00d6PNV-Angebot wird immer mehr als Alternative zum Individualverkehr wahrgenommen. Um diesen positiven Trend beizubehalten, m\u00fcssen wir f\u00fcr unsere Fahrg\u00e4ste ein zuverl\u00e4ssiger Partner sein\u201c, stellt R\u00fchle klar.<\/p>\n\n\n\n<p>QUELLE: STADTVERWALTUNG<\/p>\n","protected":false},"excerpt":{"rendered":"<div class=\"mh-excerpt\"><p>Nach einer Pressemitteilung der Vereinten Dienstleistungsgewerkschaft ruft diese ihre Besch\u00e4ftigten am 28. und 29. Februar 2024 zu einem 48-st\u00fcndigen Warnstreik in Th\u00fcringen auf. Fahrg\u00e4ste m\u00fcssen daher damit rechnen, dass die Linien des GVB ab Mittwoch, <a class=\"mh-excerpt-more\" href=\"https:\/\/www.studiogera.de\/001\/2024\/02\/27\/zweitaegiger-streik-im-oepnv\/\" title=\"ZWEIT\u00c4GIGER STREIK IM \u00d6PNV\">[&#8230;]<\/a><\/p>\n<\/div>","protected":false},"author":2,"featured_media":29516,"comment_status":"open","ping_status":"open","sticky":false,"template":"","format":"standard","meta":{"footnotes":""},"categories":[3],"tags":[],"class_list":{"0":"post-29967","1":"post","2":"type-post","3":"status-publish","4":"format-standard","5":"has-post-thumbnail","7":"category-lokal"},"_links":{"self":[{"href":"https:\/\/www.studiogera.de\/001\/wp-json\/wp\/v2\/posts\/29967","targetHints":{"allow":["GET"]}}],"collection":[{"href":"https:\/\/www.studiogera.de\/001\/wp-json\/wp\/v2\/posts"}],"about":[{"href":"https:\/\/www.studiogera.de\/001\/wp-json\/wp\/v2\/types\/post"}],"author":[{"embeddable":true,"href":"https:\/\/www.studiogera.de\/001\/wp-json\/wp\/v2\/users\/2"}],"replies":[{"embeddable":true,"href":"https:\/\/www.studiogera.de\/001\/wp-json\/wp\/v2\/comments?post=29967"}],"version-history":[{"count":1,"href":"https:\/\/www.studiogera.de\/001\/wp-json\/wp\/v2\/posts\/29967\/revisions"}],"predecessor-version":[{"id":29968,"href":"https:\/\/www.studiogera.de\/001\/wp-json\/wp\/v2\/posts\/29967\/revisions\/29968"}],"wp:featuredmedia":[{"embeddable":true,"href":"https:\/\/www.studiogera.de\/001\/wp-json\/wp\/v2\/media\/29516"}],"wp:attachment":[{"href":"https:\/\/www.studiogera.de\/001\/wp-json\/wp\/v2\/media?parent=29967"}],"wp:term":[{"taxonomy":"category","embeddable":true,"href":"https:\/\/www.studiogera.de\/001\/wp-json\/wp\/v2\/categories?post=29967"},{"taxonomy":"post_tag","embeddable":true,"href":"https:\/\/www.studiogera.de\/001\/wp-json\/wp\/v2\/tags?post=29967"}],"curies":[{"name":"wp","href":"https:\/\/api.w.org\/{rel}","templated":true}]}}