{"id":29972,"date":"2024-02-27T10:57:55","date_gmt":"2024-02-27T09:57:55","guid":{"rendered":"http:\/\/www.studiogera.de\/001\/?p=29972"},"modified":"2024-02-27T10:57:57","modified_gmt":"2024-02-27T09:57:57","slug":"die-beatles-und-die-ddr","status":"publish","type":"post","link":"https:\/\/www.studiogera.de\/001\/2024\/02\/27\/die-beatles-und-die-ddr\/","title":{"rendered":"DIE BEATLES UND DIE DDR"},"content":{"rendered":"\n<p>Vor 60 Jahren, im Oktober 1963, kam es nach einem spektakul\u00e4ren TV-Auftritt der 1960 gegr\u00fcndeten Band The Beatles im London Palladium zu einer Massenhysterie. Wenige Monate zuvor, am 22. M\u00e4rz 1963, hatten John Lennon, Paul McCartney, George Harrison und Ringo Starr ihr erstes Nummer-eins-Album \u201ePlease Please Me\u201d ver\u00f6ffentlicht. Mit der im November desselben Jahres gestarteten Single \u201eI Want To Hold Your Hand\u201d begann ihr internationaler Siegeszug. Das neue musikalische Virus, genannt \u201eBeatlemania\u201d, infizierte Musiker auf der ganzen Welt \u2014 auch in der DDR.<\/p>\n\n\n\n<p>\u00dcberall im Land gr\u00fcndeten sich nach dem Liverpooler Vorbild Gitarren- und Beatbands. Das DDR-Plattenlabel AMIGA ver\u00f6ffentlichte 1964\/1965 gleich drei Singles und eine Beatles-Langspielplatte. Als jedoch Walter Ulbricht, Generalsekret\u00e4r des ZK der SED und Vorsitzender des Staatsrates der DDR, 1065 in seiner Rede auf dem 60. Plenum des ZK der SED gegen die Einfl\u00fcsse der dekadenten westlichen Rockmusik auf die junge Beatszene in der DDR wetterte und forderte, \u201e\u2026 mit der Monotonie des Je-Je-Je \u2026 sollte man doch Schluss machen\u201d, kam es zum vorerst j\u00e4hen Ende. Doch das feuerte die Musiker nur noch mehr an, denn l\u00e4ngst waren die Beatles Vorbilder und Mentoren f\u00fcr zahlreiche Bands in der DDR geworden. So war der Einfluss der Beatles auf die Ostrock-Landschaft bald nicht mehr wegzudenken. Und auch die &#8222;offizielle DDR&#8220; entwickelte im Laufe der Jahre ein gar nicht so schlechtes Verh\u00e4ltnis.<\/p>\n\n\n\n<p>Wie diese Entwicklungen vonstattengingen, schildert Musikexperte Wolfgang Martin im vorliegenden Band und hat dazu namhafte K\u00fcnstler sowie Vertreter von Beatles-Fanclubs, die es in der DDR auch gab, eingeladen, von ihren Erlebnissen zu erz\u00e4hlen. Deutlich wird: F\u00fcr die meisten Musiker und vor allem die Fans in der DDR waren die Beatles unsterblich geworden. Und was vor 60 Jahren begann und die Welt der popul\u00e4ren Musik revolutionierte, wird auch f\u00fcr weitere Generationen wichtig bleiben.<\/p>\n\n\n\n<p><strong>Wolfgang Martin<\/strong><\/p>\n\n\n\n<ul class=\"wp-block-list\">\n<li>Autor und Redakteur, geboren 1952 in Luckenwalde<\/li>\n\n\n\n<li>nach Abitur, Berufsausbildung und zwei Semestern Journalistik-Studium in Leipzig verschiedene Jobs als DJ\/Discjockey und freier Autor<\/li>\n\n\n\n<li>ab 1976 Redakteur und Moderator in der Redaktion Jugendmusik von Stimme der DDR<\/li>\n\n\n\n<li>ab 1982 Redaktionsleiter<\/li>\n\n\n\n<li>1986 Leiter der Musikredaktion vom Jugendradio DT 64<\/li>\n\n\n\n<li>ab 1992 beim Ostdeutschen Rundfunk Brandenburg (heutiger RBB)<\/li>\n\n\n\n<li>von 2003 bis 2017 Musikchef bei Antenne Brandenburg<\/li>\n<\/ul>\n\n\n\n<p><strong>Manuel Schmid<\/strong><\/p>\n\n\n\n<ul class=\"wp-block-list\">\n<li>1984 in Altenburg (Th\u00fcringen) geboren<\/li>\n\n\n\n<li>von 1992 bis 2009 Klavierunterricht bei Michael Scholler in den Bereichen Rock, Pop und Jazz<\/li>\n\n\n\n<li>zwischen 2000 und 2002 folgte Schlagzeugunterricht bei Alexander Tscholakov in den Bereichen Rock und Pop<\/li>\n\n\n\n<li>zwischen 2006 und 2009 Gesangsunterricht bei Claus Carell und Helga Dre\u00dfler in den Bereichen Rock, Pop, Jazz und Klassik, Diplom am SAE Creative Media Institute in Leipzig im Bereich Audio Engineering, Produzent und Arrangeur<\/li>\n\n\n\n<li>seit 2000 als Musiker als S\u00e4nger und Keyboarder solistisch mit eigenen Programmen unterwegs<\/li>\n\n\n\n<li>seit 2012 S\u00e4nger der Gruppe Stern-Combo Mei\u00dfen, als Nachfolger von Reinhard Fi\u00dfler und Ralf Schmidt alias IC<\/li>\n<\/ul>\n\n\n\n<p>Restkarten f\u00fcr die Veranstaltung sind in der Bibliothek erh\u00e4ltlich.<\/p>\n\n\n\n<p>QUELLE: STADTVERWALTUNG<\/p>\n","protected":false},"excerpt":{"rendered":"<div class=\"mh-excerpt\"><p>Vor 60 Jahren, im Oktober 1963, kam es nach einem spektakul\u00e4ren TV-Auftritt der 1960 gegr\u00fcndeten Band The Beatles im London Palladium zu einer Massenhysterie. Wenige Monate zuvor, am 22. M\u00e4rz 1963, hatten John Lennon, Paul <a class=\"mh-excerpt-more\" href=\"https:\/\/www.studiogera.de\/001\/2024\/02\/27\/die-beatles-und-die-ddr\/\" title=\"DIE BEATLES UND DIE DDR\">[&#8230;]<\/a><\/p>\n<\/div>","protected":false},"author":2,"featured_media":29974,"comment_status":"open","ping_status":"open","sticky":false,"template":"","format":"standard","meta":{"footnotes":""},"categories":[8],"tags":[],"class_list":{"0":"post-29972","1":"post","2":"type-post","3":"status-publish","4":"format-standard","5":"has-post-thumbnail","7":"category-kultur"},"_links":{"self":[{"href":"https:\/\/www.studiogera.de\/001\/wp-json\/wp\/v2\/posts\/29972","targetHints":{"allow":["GET"]}}],"collection":[{"href":"https:\/\/www.studiogera.de\/001\/wp-json\/wp\/v2\/posts"}],"about":[{"href":"https:\/\/www.studiogera.de\/001\/wp-json\/wp\/v2\/types\/post"}],"author":[{"embeddable":true,"href":"https:\/\/www.studiogera.de\/001\/wp-json\/wp\/v2\/users\/2"}],"replies":[{"embeddable":true,"href":"https:\/\/www.studiogera.de\/001\/wp-json\/wp\/v2\/comments?post=29972"}],"version-history":[{"count":1,"href":"https:\/\/www.studiogera.de\/001\/wp-json\/wp\/v2\/posts\/29972\/revisions"}],"predecessor-version":[{"id":29975,"href":"https:\/\/www.studiogera.de\/001\/wp-json\/wp\/v2\/posts\/29972\/revisions\/29975"}],"wp:featuredmedia":[{"embeddable":true,"href":"https:\/\/www.studiogera.de\/001\/wp-json\/wp\/v2\/media\/29974"}],"wp:attachment":[{"href":"https:\/\/www.studiogera.de\/001\/wp-json\/wp\/v2\/media?parent=29972"}],"wp:term":[{"taxonomy":"category","embeddable":true,"href":"https:\/\/www.studiogera.de\/001\/wp-json\/wp\/v2\/categories?post=29972"},{"taxonomy":"post_tag","embeddable":true,"href":"https:\/\/www.studiogera.de\/001\/wp-json\/wp\/v2\/tags?post=29972"}],"curies":[{"name":"wp","href":"https:\/\/api.w.org\/{rel}","templated":true}]}}