{"id":29976,"date":"2024-02-27T11:40:49","date_gmt":"2024-02-27T10:40:49","guid":{"rendered":"http:\/\/www.studiogera.de\/001\/?p=29976"},"modified":"2024-02-27T11:40:50","modified_gmt":"2024-02-27T10:40:50","slug":"neue-entwicklungen-im-ukraine-krieg","status":"publish","type":"post","link":"https:\/\/www.studiogera.de\/001\/2024\/02\/27\/neue-entwicklungen-im-ukraine-krieg\/","title":{"rendered":"NEUE ENTWICKLUNGEN IM UKRAINE-KRIEG"},"content":{"rendered":"\n<p><em>In Russland finden im Zeitraum vom 15. bis 17. M\u00e4rz 2024 Pr\u00e4sidentschaftswahlen statt. Offenbar sind im Vorfeld milit\u00e4rische Aktionen von westlicher Seite geplant.<\/em><\/p>\n\n\n\n<p>Bundeskanzler Olaf Scholz lehnt Taurus-Marschflugk\u00f6rper f\u00fcr die Ukraine zum jetzigen Zeitpunkt ab. Deutschland d\u00fcrfe an keiner Stelle und an keinem Ort mit den Zielen, die dieses System erreicht, verkn\u00fcpft sein, sagte er zur Begr\u00fcndung. Er wundere sich, dass es einige gar nicht bewege, ob es zu einer Kriegsbeteiligung kommen k\u00f6nne. Es sei zudem ganz klar, dass es keine deutschen Soldaten auf ukrainischem Grund geben werde und es d\u00fcrfe keine Verwicklung Deutschlands in den Krieg geben, so der Kanzler.<\/p>\n\n\n\n<p>Am 22. Februar 2024 hatte das Parlament \u00fcber einen 27-Punkte-Katalog der Fraktionen SPD, B\u00fcndnis 90\/Die Gr\u00fcnen und FDP angestimmt. Unter Punkt 3 beinhaltete dieser auch die \u201eLieferung von zus\u00e4tzlich erforderlichen weitreichenden Waffensystemen und Munition\u201d. 381 Abgeordnete, mehrheitlich von den Regierungsparteien, votierten daf\u00fcr, 284 von CDU\/CSU, AFD, Linkspartei und weiteren stimmten dagegen.<\/p>\n\n\n\n<p>Unterdessen mehren sich die Anzeichen f\u00fcr einen bevorstehenden milit\u00e4rischen Schlag gegen Russland. Oberst Markus Reisner h\u00e4lt den Einsatz westlicher Kampfflugzeuge f\u00fcr m\u00f6glich. Das berichtet der Nachrichtensender NTV. Die Ukraine plane zudem einen \u00dcberraschungsangriff, der den Russen vor den Wahlen eine Niederlage einbringen soll. Daf\u00fcr w\u00fcrde sich ein \u201espektakul\u00e4rer Angriff auf die Krim-Br\u00fccke\u201d anbieten, so Reisner bei NTV.<\/p>\n\n\n\n<p>Frankreichs Pr\u00e4sident will unterdessen den Einsatz von Bodentruppen des franz\u00f6sischen Milit\u00e4rs nicht mehr ausschlie\u00dfen, um einen russischen Sieg in der Ukraine zu verhindern, wie das Magazin \u201eDer Spiegel\u201d schreibt.<\/p>\n","protected":false},"excerpt":{"rendered":"<div class=\"mh-excerpt\"><p>In Russland finden im Zeitraum vom 15. bis 17. M\u00e4rz 2024 Pr\u00e4sidentschaftswahlen statt. Offenbar sind im Vorfeld milit\u00e4rische Aktionen von westlicher Seite geplant. Bundeskanzler Olaf Scholz lehnt Taurus-Marschflugk\u00f6rper f\u00fcr die Ukraine zum jetzigen Zeitpunkt ab. <a class=\"mh-excerpt-more\" href=\"https:\/\/www.studiogera.de\/001\/2024\/02\/27\/neue-entwicklungen-im-ukraine-krieg\/\" title=\"NEUE ENTWICKLUNGEN IM UKRAINE-KRIEG\">[&#8230;]<\/a><\/p>\n<\/div>","protected":false},"author":2,"featured_media":22844,"comment_status":"open","ping_status":"open","sticky":false,"template":"","format":"standard","meta":{"footnotes":""},"categories":[2],"tags":[],"class_list":{"0":"post-29976","1":"post","2":"type-post","3":"status-publish","4":"format-standard","5":"has-post-thumbnail","7":"category-weltweit"},"_links":{"self":[{"href":"https:\/\/www.studiogera.de\/001\/wp-json\/wp\/v2\/posts\/29976","targetHints":{"allow":["GET"]}}],"collection":[{"href":"https:\/\/www.studiogera.de\/001\/wp-json\/wp\/v2\/posts"}],"about":[{"href":"https:\/\/www.studiogera.de\/001\/wp-json\/wp\/v2\/types\/post"}],"author":[{"embeddable":true,"href":"https:\/\/www.studiogera.de\/001\/wp-json\/wp\/v2\/users\/2"}],"replies":[{"embeddable":true,"href":"https:\/\/www.studiogera.de\/001\/wp-json\/wp\/v2\/comments?post=29976"}],"version-history":[{"count":1,"href":"https:\/\/www.studiogera.de\/001\/wp-json\/wp\/v2\/posts\/29976\/revisions"}],"predecessor-version":[{"id":29977,"href":"https:\/\/www.studiogera.de\/001\/wp-json\/wp\/v2\/posts\/29976\/revisions\/29977"}],"wp:featuredmedia":[{"embeddable":true,"href":"https:\/\/www.studiogera.de\/001\/wp-json\/wp\/v2\/media\/22844"}],"wp:attachment":[{"href":"https:\/\/www.studiogera.de\/001\/wp-json\/wp\/v2\/media?parent=29976"}],"wp:term":[{"taxonomy":"category","embeddable":true,"href":"https:\/\/www.studiogera.de\/001\/wp-json\/wp\/v2\/categories?post=29976"},{"taxonomy":"post_tag","embeddable":true,"href":"https:\/\/www.studiogera.de\/001\/wp-json\/wp\/v2\/tags?post=29976"}],"curies":[{"name":"wp","href":"https:\/\/api.w.org\/{rel}","templated":true}]}}