{"id":29982,"date":"2024-02-29T09:25:46","date_gmt":"2024-02-29T08:25:46","guid":{"rendered":"http:\/\/www.studiogera.de\/001\/?p=29982"},"modified":"2024-02-29T09:25:47","modified_gmt":"2024-02-29T08:25:47","slug":"einbruch-in-lagerhalle-in-der-naulitzer-strasse","status":"publish","type":"post","link":"https:\/\/www.studiogera.de\/001\/2024\/02\/29\/einbruch-in-lagerhalle-in-der-naulitzer-strasse\/","title":{"rendered":"EINBRUCH IN LAGERHALLE IN DER NAULITZER STRASSE"},"content":{"rendered":"\n<p>Unbekannte T\u00e4ter drangen im Zeitraum vom 23. bis zum 26. Februar 2024 in eine Lagerhalle in der Naulitzer Stra\u00dfe ein. Aus der Lagerhalle wurden unter anderem Baumaterialien f\u00fcr den Sanit\u00e4rbereich entwendet. Au\u00dferdem entstand durch das gewaltsame Eindringen Sachschaden am Objekt. Insgesamt beklagt der Eigent\u00fcmer Sch\u00e4den im Wert mehrerer hundert Euro. Die KPI Gera ermittelt zum Sachverhalt und sucht nach Zeugen. Dss Aktenzeichen lautet 0052443\/2024.<\/p>\n","protected":false},"excerpt":{"rendered":"<div class=\"mh-excerpt\"><p>Unbekannte T\u00e4ter drangen im Zeitraum vom 23. bis zum 26. Februar 2024 in eine Lagerhalle in der Naulitzer Stra\u00dfe ein. Aus der Lagerhalle wurden unter anderem Baumaterialien f\u00fcr den Sanit\u00e4rbereich entwendet. Au\u00dferdem entstand durch das <a class=\"mh-excerpt-more\" href=\"https:\/\/www.studiogera.de\/001\/2024\/02\/29\/einbruch-in-lagerhalle-in-der-naulitzer-strasse\/\" title=\"EINBRUCH IN LAGERHALLE IN DER NAULITZER STRASSE\">[&#8230;]<\/a><\/p>\n<\/div>","protected":false},"author":3,"featured_media":9351,"comment_status":"open","ping_status":"open","sticky":false,"template":"","format":"standard","meta":{"footnotes":""},"categories":[13],"tags":[],"class_list":{"0":"post-29982","1":"post","2":"type-post","3":"status-publish","4":"format-standard","5":"has-post-thumbnail","7":"category-polizeiberichte"},"_links":{"self":[{"href":"https:\/\/www.studiogera.de\/001\/wp-json\/wp\/v2\/posts\/29982","targetHints":{"allow":["GET"]}}],"collection":[{"href":"https:\/\/www.studiogera.de\/001\/wp-json\/wp\/v2\/posts"}],"about":[{"href":"https:\/\/www.studiogera.de\/001\/wp-json\/wp\/v2\/types\/post"}],"author":[{"embeddable":true,"href":"https:\/\/www.studiogera.de\/001\/wp-json\/wp\/v2\/users\/3"}],"replies":[{"embeddable":true,"href":"https:\/\/www.studiogera.de\/001\/wp-json\/wp\/v2\/comments?post=29982"}],"version-history":[{"count":1,"href":"https:\/\/www.studiogera.de\/001\/wp-json\/wp\/v2\/posts\/29982\/revisions"}],"predecessor-version":[{"id":29983,"href":"https:\/\/www.studiogera.de\/001\/wp-json\/wp\/v2\/posts\/29982\/revisions\/29983"}],"wp:featuredmedia":[{"embeddable":true,"href":"https:\/\/www.studiogera.de\/001\/wp-json\/wp\/v2\/media\/9351"}],"wp:attachment":[{"href":"https:\/\/www.studiogera.de\/001\/wp-json\/wp\/v2\/media?parent=29982"}],"wp:term":[{"taxonomy":"category","embeddable":true,"href":"https:\/\/www.studiogera.de\/001\/wp-json\/wp\/v2\/categories?post=29982"},{"taxonomy":"post_tag","embeddable":true,"href":"https:\/\/www.studiogera.de\/001\/wp-json\/wp\/v2\/tags?post=29982"}],"curies":[{"name":"wp","href":"https:\/\/api.w.org\/{rel}","templated":true}]}}