{"id":29990,"date":"2024-02-29T10:03:43","date_gmt":"2024-02-29T09:03:43","guid":{"rendered":"http:\/\/www.studiogera.de\/001\/?p=29990"},"modified":"2024-02-29T15:43:37","modified_gmt":"2024-02-29T14:43:37","slug":"fuenf-linden-in-der-de-smit-strasse-werden-gefaellt","status":"publish","type":"post","link":"https:\/\/www.studiogera.de\/001\/2024\/02\/29\/fuenf-linden-in-der-de-smit-strasse-werden-gefaellt\/","title":{"rendered":"F\u00dcNF LINDEN IN DER DE-SMIT-STRASSE WERDEN GEF\u00c4LLT"},"content":{"rendered":"\n<p>Am Donnerstag, den 29. Februar 2024, werden die f\u00fcnf Linden in der De-Smit-Stra\u00dfe neben der Stra\u00dfenbahntrasse auf Grund von Sturmsch\u00e4den entfernt. Durchgef\u00fchrt werden die Arbeiten dabei durch die Baupfleger des Meisterbereiches Landschaftsbau, der zum Amt f\u00fcr Stadtgr\u00fcn geh\u00f6rt.\u00a0Nach Abw\u00e4gung aller Belange wurde entschieden, die Reifeb\u00e4ume nach teilweise erheblichen Sch\u00e4den durch den Sturm Lambert im Juni 2023 zur F\u00e4llung bei der unteren Naturschutzbeh\u00f6rde anzuzeigen. Die F\u00e4llung der B\u00e4ume wurde genehmigt. Die notwendige Ersatzpflanzung ist f\u00fcr das Stadtzentrum festgesetzt.<\/p>\n","protected":false},"excerpt":{"rendered":"<div class=\"mh-excerpt\"><p>Am Donnerstag, den 29. Februar 2024, werden die f\u00fcnf Linden in der De-Smit-Stra\u00dfe neben der Stra\u00dfenbahntrasse auf Grund von Sturmsch\u00e4den entfernt. Durchgef\u00fchrt werden die Arbeiten dabei durch die Baupfleger des Meisterbereiches Landschaftsbau, der zum Amt <a class=\"mh-excerpt-more\" href=\"https:\/\/www.studiogera.de\/001\/2024\/02\/29\/fuenf-linden-in-der-de-smit-strasse-werden-gefaellt\/\" title=\"F\u00dcNF LINDEN IN DER DE-SMIT-STRASSE WERDEN GEF\u00c4LLT\">[&#8230;]<\/a><\/p>\n<\/div>","protected":false},"author":2,"featured_media":29992,"comment_status":"open","ping_status":"open","sticky":false,"template":"","format":"standard","meta":{"footnotes":""},"categories":[16],"tags":[],"class_list":{"0":"post-29990","1":"post","2":"type-post","3":"status-publish","4":"format-standard","5":"has-post-thumbnail","7":"category-kurzmitteilungen"},"_links":{"self":[{"href":"https:\/\/www.studiogera.de\/001\/wp-json\/wp\/v2\/posts\/29990","targetHints":{"allow":["GET"]}}],"collection":[{"href":"https:\/\/www.studiogera.de\/001\/wp-json\/wp\/v2\/posts"}],"about":[{"href":"https:\/\/www.studiogera.de\/001\/wp-json\/wp\/v2\/types\/post"}],"author":[{"embeddable":true,"href":"https:\/\/www.studiogera.de\/001\/wp-json\/wp\/v2\/users\/2"}],"replies":[{"embeddable":true,"href":"https:\/\/www.studiogera.de\/001\/wp-json\/wp\/v2\/comments?post=29990"}],"version-history":[{"count":3,"href":"https:\/\/www.studiogera.de\/001\/wp-json\/wp\/v2\/posts\/29990\/revisions"}],"predecessor-version":[{"id":29997,"href":"https:\/\/www.studiogera.de\/001\/wp-json\/wp\/v2\/posts\/29990\/revisions\/29997"}],"wp:featuredmedia":[{"embeddable":true,"href":"https:\/\/www.studiogera.de\/001\/wp-json\/wp\/v2\/media\/29992"}],"wp:attachment":[{"href":"https:\/\/www.studiogera.de\/001\/wp-json\/wp\/v2\/media?parent=29990"}],"wp:term":[{"taxonomy":"category","embeddable":true,"href":"https:\/\/www.studiogera.de\/001\/wp-json\/wp\/v2\/categories?post=29990"},{"taxonomy":"post_tag","embeddable":true,"href":"https:\/\/www.studiogera.de\/001\/wp-json\/wp\/v2\/tags?post=29990"}],"curies":[{"name":"wp","href":"https:\/\/api.w.org\/{rel}","templated":true}]}}