{"id":30002,"date":"2024-02-29T16:52:32","date_gmt":"2024-02-29T15:52:32","guid":{"rendered":"http:\/\/www.studiogera.de\/001\/?p=30002"},"modified":"2024-02-29T16:52:33","modified_gmt":"2024-02-29T15:52:33","slug":"thueringer-wirtschaft-im-stimmungstief","status":"publish","type":"post","link":"https:\/\/www.studiogera.de\/001\/2024\/02\/29\/thueringer-wirtschaft-im-stimmungstief\/","title":{"rendered":"TH\u00dcRINGER WIRTSCHAFT IM STIMMUNGSTIEF"},"content":{"rendered":"\n<p>Die Konjunktur im Freistaat kommt nicht in Fahrt. Wie die Industrie- und Handelskammer Ostth\u00fcringen zu Gera meldet, ist der Ausblick auf das Jahr 2024 \u00e4u\u00dferst verhalten. Zahlreiche Risiken, allen voran hohe Energie- und Rohstoffpreise, die wirtschaftspolitischen Rahmenbedingungen und die Nachfrageentwicklung, pr\u00e4gen die Stimmung in der Th\u00fcringer Wirtschaft.<\/p>\n\n\n\n<p><a href=\"https:\/\/www.ihk.de\/gera\/wirtschaftsraum-ostthueringen\/konjunktur-statistik-analysen\/konjunktur-analysen\/koju-thueringen-1399920\">https:\/\/www.ihk.de\/gera\/wirtschaftsraum-ostthueringen\/konjunktur-statistik-analysen\/konjunktur-analysen\/koju-thueringen-1399920<\/a><\/p>\n\n\n\n<p>Nur noch 25 % der Unternehmen beurteilen ihre Gesch\u00e4ftslage als \u201egut\u201c. Im Vergleich zur Vorumfrage vom Herbst 2023 sind das 4 % weniger. 43 % der Befragten sch\u00e4tzen diese als \u201ebefriedigend\u201c oder \u201esaison\u00fcblich\u201c ein, 33 % als \u201eschlecht\u201c. Das ist ein Zuwachst von 1 % bzw. 5 %. Beim Vorausblick geben nur noch 9 % der Betriebe geben eine positive Prognose ab.<\/p>\n\n\n\n<p>Hohe Kosten, gestiegene Zinsen und die Investitionszur\u00fcckhaltung belasten die Gesch\u00e4fte im Th\u00fcringer Baugewerbe. Im Th\u00fcringer Handel verlief das Weihnachtsgesch\u00e4ft \u00fcberwiegend entt\u00e4uschend. 70 % der befragten Kaufleute registrieren eine im Vorjahresvergleich zur\u00fcckgegangene Ausgabefreudigkeit der Kundschaft. Zu Jahresbeginn 2024 k\u00f6nnen nur 16 der Befragten gut laufende Gesch\u00e4fte verzeichnen. Wegen gestiegene CO\u2082-Preise, h\u00f6here Kosten f\u00fcr Maut und Fahrermangel ist auch die Stimmung im Th\u00fcringer Verkehrsgewerbe gedr\u00fcckt. Das Konjunkturklima im Tourismus und Gastgewerbe hat sich verschlechtert. Angesichts der Wiederanhebung der Umsatzsteuers\u00e4tze auf Speisen und der m\u00f6glichen Zur\u00fcckhaltung der G\u00e4ste gehen die Gesch\u00e4ftserwartungen zur\u00fcck. Hinzu kommen Risken wie steigende Energie- und Lebensmittelpreise sowie der Arbeitskr\u00e4ftemangel. Die Konjunkturschw\u00e4che erreicht nun auch den Dienstleistungsbereich. Die Gesch\u00e4ftslage wird zwar im Branchenvergleich weiter am g\u00fcnstigsten bewertet, aber bei den Auftragseing\u00e4ngen registrieren nur noch 14 % der Unternehmen positive Impulse.<\/p>\n\n\n\n<p>QUELLE: IHK<\/p>\n","protected":false},"excerpt":{"rendered":"<div class=\"mh-excerpt\"><p>Die Konjunktur im Freistaat kommt nicht in Fahrt. Wie die Industrie- und Handelskammer Ostth\u00fcringen zu Gera meldet, ist der Ausblick auf das Jahr 2024 \u00e4u\u00dferst verhalten. Zahlreiche Risiken, allen voran hohe Energie- und Rohstoffpreise, die <a class=\"mh-excerpt-more\" href=\"https:\/\/www.studiogera.de\/001\/2024\/02\/29\/thueringer-wirtschaft-im-stimmungstief\/\" title=\"TH\u00dcRINGER WIRTSCHAFT IM STIMMUNGSTIEF\">[&#8230;]<\/a><\/p>\n<\/div>","protected":false},"author":2,"featured_media":26832,"comment_status":"open","ping_status":"open","sticky":false,"template":"","format":"standard","meta":{"footnotes":""},"categories":[4],"tags":[],"class_list":{"0":"post-30002","1":"post","2":"type-post","3":"status-publish","4":"format-standard","5":"has-post-thumbnail","7":"category-wirtschaft"},"_links":{"self":[{"href":"https:\/\/www.studiogera.de\/001\/wp-json\/wp\/v2\/posts\/30002","targetHints":{"allow":["GET"]}}],"collection":[{"href":"https:\/\/www.studiogera.de\/001\/wp-json\/wp\/v2\/posts"}],"about":[{"href":"https:\/\/www.studiogera.de\/001\/wp-json\/wp\/v2\/types\/post"}],"author":[{"embeddable":true,"href":"https:\/\/www.studiogera.de\/001\/wp-json\/wp\/v2\/users\/2"}],"replies":[{"embeddable":true,"href":"https:\/\/www.studiogera.de\/001\/wp-json\/wp\/v2\/comments?post=30002"}],"version-history":[{"count":1,"href":"https:\/\/www.studiogera.de\/001\/wp-json\/wp\/v2\/posts\/30002\/revisions"}],"predecessor-version":[{"id":30003,"href":"https:\/\/www.studiogera.de\/001\/wp-json\/wp\/v2\/posts\/30002\/revisions\/30003"}],"wp:featuredmedia":[{"embeddable":true,"href":"https:\/\/www.studiogera.de\/001\/wp-json\/wp\/v2\/media\/26832"}],"wp:attachment":[{"href":"https:\/\/www.studiogera.de\/001\/wp-json\/wp\/v2\/media?parent=30002"}],"wp:term":[{"taxonomy":"category","embeddable":true,"href":"https:\/\/www.studiogera.de\/001\/wp-json\/wp\/v2\/categories?post=30002"},{"taxonomy":"post_tag","embeddable":true,"href":"https:\/\/www.studiogera.de\/001\/wp-json\/wp\/v2\/tags?post=30002"}],"curies":[{"name":"wp","href":"https:\/\/api.w.org\/{rel}","templated":true}]}}