{"id":30008,"date":"2024-02-29T21:15:21","date_gmt":"2024-02-29T20:15:21","guid":{"rendered":"http:\/\/www.studiogera.de\/001\/?p=30008"},"modified":"2024-02-29T21:18:12","modified_gmt":"2024-02-29T20:18:12","slug":"haltung-statt-neutralitaet-bei-der-berichterstattung","status":"publish","type":"post","link":"https:\/\/www.studiogera.de\/001\/2024\/02\/29\/haltung-statt-neutralitaet-bei-der-berichterstattung\/","title":{"rendered":"HALTUNG STATT NEUTRALIT\u00c4T BEI DER BERICHTERSTATTUNG"},"content":{"rendered":"\n<p>Mehrere Unternehmen, Stiftungen und Verb\u00e4nde wollen eigenen Angaben zufolge \u201eZeichen setzen\u201d und haben am 15. Februar 2024 eine neue Kampagne initiiert. Das Motto lautet \u201eZusammenland \u2014 Vielfalt macht uns stark\u201d. Ins Leben gerufen wurde sie eigenen Angaben zufolge von Rainer Esser (Die Zeit), Gabriel Grabner (Tagesspiegel), Christian Schmalzl (Str\u00f6er), Andrea Wasmuth (Handelsblatt Media Group) und Christian Wegner (S\u00fcddeutsche Zeitung).<\/p>\n\n\n\n<p><a href=\"https:\/\/cmk.zeit.de\/cms\/articles\/16974\/anzeige\/zusammenland\/neue-kampagne-zusammenland-vielfalt-macht-uns-stark\">https:\/\/cmk.zeit.de\/cms\/articles\/16974\/anzeige\/zusammenland\/neue-kampagne-zusammenland-vielfalt-macht-uns-stark<\/a><\/p>\n\n\n\n<p>Es beteiligen sich rund 500 Unternehmen, Stiftungen und Verb\u00e4nde. Die Kampagne soll gleichzeitig ein Bekenntnis zu \u201eFreiheit, Vielfalt und einer Willkommendkultur\u201d sein. In der Mitteilung hei\u00dft es, die gegenw\u00e4rtige Zeit erfordere eine klare Haltung. Man stehe gemeinsam f\u00fcr ein offenes Land, das sich mutig den Herausforderungen stellt, anstatt sich von rechter Propaganda aufheizen und aufhetzen zu lassen. Die Teilnehmer k\u00f6nnen ihr Logo unentgeltlich in die geschalteten Anzeigen der Kampagne integrieren und m\u00fcssen im Gegenzug an gemeinn\u00fctzige Projekte oder unternehmensinterne Aktionen spenden.<\/p>\n\n\n\n<p><a href=\"https:\/\/www.djv.de\/startseite\/profil\/der-djv\/pressebereich-download\/pressemitteilungen\/detail\/news-berichterstattung-neu-justieren\">https:\/\/www.djv.de\/startseite\/profil\/der-djv\/pressebereich-download\/pressemitteilungen\/detail\/news-berichterstattung-neu-justieren<\/a><\/p>\n\n\n\n<p>Am 27. Februar 2024 ver\u00f6ffentlichte der Deutsche Journalistenverband, dessen Logo nun in den Nationalfarben der Ukraine erscheint, eine Aufforderung an die Medien, \u201eihre Berichterstattung \u00fcber die sogenannte Alternative f\u00fcr Deutschland neu zu justieren\u201d. Weil das Bundesamt f\u00fcr Verfassungsschutz pr\u00fcft, die gesamte AFD als \u201egesichert extremistische Bestrebung\u201d einzustufen, soll die AFD nicht mehr als eine Partei von vielen beschrieben werden.<\/p>\n","protected":false},"excerpt":{"rendered":"<div class=\"mh-excerpt\"><p>Mehrere Unternehmen, Stiftungen und Verb\u00e4nde wollen eigenen Angaben zufolge \u201eZeichen setzen\u201d und haben am 15. Februar 2024 eine neue Kampagne initiiert. Das Motto lautet \u201eZusammenland \u2014 Vielfalt macht uns stark\u201d. Ins Leben gerufen wurde sie <a class=\"mh-excerpt-more\" href=\"https:\/\/www.studiogera.de\/001\/2024\/02\/29\/haltung-statt-neutralitaet-bei-der-berichterstattung\/\" title=\"HALTUNG STATT NEUTRALIT\u00c4T BEI DER BERICHTERSTATTUNG\">[&#8230;]<\/a><\/p>\n<\/div>","protected":false},"author":2,"featured_media":30009,"comment_status":"open","ping_status":"open","sticky":false,"template":"","format":"standard","meta":{"footnotes":""},"categories":[17],"tags":[],"class_list":{"0":"post-30008","1":"post","2":"type-post","3":"status-publish","4":"format-standard","5":"has-post-thumbnail","7":"category-medien"},"_links":{"self":[{"href":"https:\/\/www.studiogera.de\/001\/wp-json\/wp\/v2\/posts\/30008","targetHints":{"allow":["GET"]}}],"collection":[{"href":"https:\/\/www.studiogera.de\/001\/wp-json\/wp\/v2\/posts"}],"about":[{"href":"https:\/\/www.studiogera.de\/001\/wp-json\/wp\/v2\/types\/post"}],"author":[{"embeddable":true,"href":"https:\/\/www.studiogera.de\/001\/wp-json\/wp\/v2\/users\/2"}],"replies":[{"embeddable":true,"href":"https:\/\/www.studiogera.de\/001\/wp-json\/wp\/v2\/comments?post=30008"}],"version-history":[{"count":2,"href":"https:\/\/www.studiogera.de\/001\/wp-json\/wp\/v2\/posts\/30008\/revisions"}],"predecessor-version":[{"id":30011,"href":"https:\/\/www.studiogera.de\/001\/wp-json\/wp\/v2\/posts\/30008\/revisions\/30011"}],"wp:featuredmedia":[{"embeddable":true,"href":"https:\/\/www.studiogera.de\/001\/wp-json\/wp\/v2\/media\/30009"}],"wp:attachment":[{"href":"https:\/\/www.studiogera.de\/001\/wp-json\/wp\/v2\/media?parent=30008"}],"wp:term":[{"taxonomy":"category","embeddable":true,"href":"https:\/\/www.studiogera.de\/001\/wp-json\/wp\/v2\/categories?post=30008"},{"taxonomy":"post_tag","embeddable":true,"href":"https:\/\/www.studiogera.de\/001\/wp-json\/wp\/v2\/tags?post=30008"}],"curies":[{"name":"wp","href":"https:\/\/api.w.org\/{rel}","templated":true}]}}