{"id":30012,"date":"2024-02-29T21:30:54","date_gmt":"2024-02-29T20:30:54","guid":{"rendered":"http:\/\/www.studiogera.de\/001\/?p=30012"},"modified":"2024-02-29T21:30:55","modified_gmt":"2024-02-29T20:30:55","slug":"wiederaufnahme-des-nahverkehrs","status":"publish","type":"post","link":"https:\/\/www.studiogera.de\/001\/2024\/02\/29\/wiederaufnahme-des-nahverkehrs\/","title":{"rendered":"WIEDERAUFNAHME DES NAHVERKEHRS"},"content":{"rendered":"\n<p>Der GVB wurde 48 Stunden lang bestreikt. Um 3.40 Uhr wird der Betrieb wieder aufgenommen. Unterdessen mehren sich die Anzeichen f\u00fcr einen erneuten Streik bei der Deutschen Bahn. Die Gewerkschaft deutscher Lokomotivf\u00fchrer will sich am Montag in einer Pressekonferenz zu den abgebrochenen Verhandlungen mit der Deutschen Bahn \u00e4u\u00dfern. Bis dahin gilt eine Informationssperre.<\/p>\n","protected":false},"excerpt":{"rendered":"<div class=\"mh-excerpt\"><p>Der GVB wurde 48 Stunden lang bestreikt. Um 3.40 Uhr wird der Betrieb wieder aufgenommen. Unterdessen mehren sich die Anzeichen f\u00fcr einen erneuten Streik bei der Deutschen Bahn. Die Gewerkschaft deutscher Lokomotivf\u00fchrer will sich am <a class=\"mh-excerpt-more\" href=\"https:\/\/www.studiogera.de\/001\/2024\/02\/29\/wiederaufnahme-des-nahverkehrs\/\" title=\"WIEDERAUFNAHME DES NAHVERKEHRS\">[&#8230;]<\/a><\/p>\n<\/div>","protected":false},"author":2,"featured_media":30013,"comment_status":"open","ping_status":"open","sticky":false,"template":"","format":"standard","meta":{"footnotes":""},"categories":[16],"tags":[],"class_list":{"0":"post-30012","1":"post","2":"type-post","3":"status-publish","4":"format-standard","5":"has-post-thumbnail","7":"category-kurzmitteilungen"},"_links":{"self":[{"href":"https:\/\/www.studiogera.de\/001\/wp-json\/wp\/v2\/posts\/30012","targetHints":{"allow":["GET"]}}],"collection":[{"href":"https:\/\/www.studiogera.de\/001\/wp-json\/wp\/v2\/posts"}],"about":[{"href":"https:\/\/www.studiogera.de\/001\/wp-json\/wp\/v2\/types\/post"}],"author":[{"embeddable":true,"href":"https:\/\/www.studiogera.de\/001\/wp-json\/wp\/v2\/users\/2"}],"replies":[{"embeddable":true,"href":"https:\/\/www.studiogera.de\/001\/wp-json\/wp\/v2\/comments?post=30012"}],"version-history":[{"count":1,"href":"https:\/\/www.studiogera.de\/001\/wp-json\/wp\/v2\/posts\/30012\/revisions"}],"predecessor-version":[{"id":30014,"href":"https:\/\/www.studiogera.de\/001\/wp-json\/wp\/v2\/posts\/30012\/revisions\/30014"}],"wp:featuredmedia":[{"embeddable":true,"href":"https:\/\/www.studiogera.de\/001\/wp-json\/wp\/v2\/media\/30013"}],"wp:attachment":[{"href":"https:\/\/www.studiogera.de\/001\/wp-json\/wp\/v2\/media?parent=30012"}],"wp:term":[{"taxonomy":"category","embeddable":true,"href":"https:\/\/www.studiogera.de\/001\/wp-json\/wp\/v2\/categories?post=30012"},{"taxonomy":"post_tag","embeddable":true,"href":"https:\/\/www.studiogera.de\/001\/wp-json\/wp\/v2\/tags?post=30012"}],"curies":[{"name":"wp","href":"https:\/\/api.w.org\/{rel}","templated":true}]}}