{"id":30015,"date":"2024-03-01T21:03:04","date_gmt":"2024-03-01T20:03:04","guid":{"rendered":"http:\/\/www.studiogera.de\/001\/?p=30015"},"modified":"2024-03-01T21:03:33","modified_gmt":"2024-03-01T20:03:33","slug":"bezahlkarte-fuer-asylbewerber","status":"publish","type":"post","link":"https:\/\/www.studiogera.de\/001\/2024\/03\/01\/bezahlkarte-fuer-asylbewerber\/","title":{"rendered":"BEZAHLKARTE F\u00dcR ASYLBEWERBER"},"content":{"rendered":"\n<p>In der Geraer Stadtratssitzung am Mittwoch, den 6. M\u00e4rz 2024, wird die Beschluss-Vorlage \u201eUmstellung der Versorgung nach dem Asylbewerberleistungsgesetz (AsylbLG) auf wiederaufladbare Sachbezugs- bzw. Bezahlkarten\u201c seitens der Geraer CDU-Fraktion eingebracht und im Gremium diskutiert werden. Das Ziel der Beschlussvorlage, eine politische Positionierung und Haltung durch den Stadtrat der Stadt Gera zu formulieren, begr\u00fc\u00dft der Oberb\u00fcrgermeister der Stadt Gera ausdr\u00fccklich, wird doch die seit Herbst durch die Stadtverwaltung Gera vermittelte Haltung jetzt eindeutig durch die Vorlage der CDU Fraktion im Geraer Stadtrat unterst\u00fctzt. Seit Oktober 2023 pl\u00e4diert der Oberb\u00fcrgermeister gemeinsam mit Sozialdezernentin Sandra Wanzar f\u00fcr eine einheitliche L\u00f6sung zur Einf\u00fchrung der Bezahlkarte f\u00fcr Asylbewerber.<\/p>\n\n\n\n<p>\u201eIch unterst\u00fctze die Haltung des Gemeinde- und St\u00e4dtebundes in Th\u00fcringen, der auf eine einheitliche Regelung und ein rechtlich sicheres Vorgehen dr\u00e4ngt. Nur so kann ein Flickenteppich vermieden werden\u201c, erkl\u00e4rt das Stadtoberhaupt. F\u00fcr die Kommunen sei es am sinnvollsten, mindestes ein einheitliches System je Bundesland zu schaffen. Bereits 14 Bundesl\u00e4nder haben sich auf ein bundesweites und einheitliches Verfahren geeinigt. So k\u00f6nne der Verwaltungsaufwand minimiert werden. Bei einem weiterhin auszuzahlenden geringen Bargeldbetrag in Erg\u00e4nzung zur Bezahlkarte w\u00fcrden die notwenigen Verwaltungsstrukturen und die B\u00fcrokratie f\u00fcr die St\u00e4dte und Landkreise faktisch nicht minimiert werden k\u00f6nnen, wie es derzeit individuelle Modelle vorsehen. Auf Wunsch des Pr\u00e4sidenten des Gemeinde- und St\u00e4dtebundes Th\u00fcringen, Michael Brychcy (CDU), und der Gesch\u00e4ftsf\u00fchrung des GStB wird der Oberb\u00fcrgermeister der Stadt Gera auch zu dieser Angelegenheit am Freitag, den 8. M\u00e4rz 2024,\u00a0an der Sitzung des Ausschusses f\u00fcr Migration, Justiz und Verbraucherschutz des Th\u00fcringer Landtags im Rahmen einer Anh\u00f6rung der kommunalen Spitzenverb\u00e4nde teilnehmen, um zur gegenw\u00e4rtigen Lage der Asyl- und Fl\u00fcchtlingssituation zu sprechen.<\/p>\n\n\n\n<p>QUELLE: STADTVERWALTUNG<\/p>\n","protected":false},"excerpt":{"rendered":"<div class=\"mh-excerpt\"><p>In der Geraer Stadtratssitzung am Mittwoch, den 6. M\u00e4rz 2024, wird die Beschluss-Vorlage \u201eUmstellung der Versorgung nach dem Asylbewerberleistungsgesetz (AsylbLG) auf wiederaufladbare Sachbezugs- bzw. Bezahlkarten\u201c seitens der Geraer CDU-Fraktion eingebracht und im Gremium diskutiert werden. <a class=\"mh-excerpt-more\" href=\"https:\/\/www.studiogera.de\/001\/2024\/03\/01\/bezahlkarte-fuer-asylbewerber\/\" title=\"BEZAHLKARTE F\u00dcR ASYLBEWERBER\">[&#8230;]<\/a><\/p>\n<\/div>","protected":false},"author":3,"featured_media":28982,"comment_status":"open","ping_status":"open","sticky":false,"template":"","format":"standard","meta":{"footnotes":""},"categories":[3],"tags":[],"class_list":{"0":"post-30015","1":"post","2":"type-post","3":"status-publish","4":"format-standard","5":"has-post-thumbnail","7":"category-lokal"},"_links":{"self":[{"href":"https:\/\/www.studiogera.de\/001\/wp-json\/wp\/v2\/posts\/30015","targetHints":{"allow":["GET"]}}],"collection":[{"href":"https:\/\/www.studiogera.de\/001\/wp-json\/wp\/v2\/posts"}],"about":[{"href":"https:\/\/www.studiogera.de\/001\/wp-json\/wp\/v2\/types\/post"}],"author":[{"embeddable":true,"href":"https:\/\/www.studiogera.de\/001\/wp-json\/wp\/v2\/users\/3"}],"replies":[{"embeddable":true,"href":"https:\/\/www.studiogera.de\/001\/wp-json\/wp\/v2\/comments?post=30015"}],"version-history":[{"count":2,"href":"https:\/\/www.studiogera.de\/001\/wp-json\/wp\/v2\/posts\/30015\/revisions"}],"predecessor-version":[{"id":30018,"href":"https:\/\/www.studiogera.de\/001\/wp-json\/wp\/v2\/posts\/30015\/revisions\/30018"}],"wp:featuredmedia":[{"embeddable":true,"href":"https:\/\/www.studiogera.de\/001\/wp-json\/wp\/v2\/media\/28982"}],"wp:attachment":[{"href":"https:\/\/www.studiogera.de\/001\/wp-json\/wp\/v2\/media?parent=30015"}],"wp:term":[{"taxonomy":"category","embeddable":true,"href":"https:\/\/www.studiogera.de\/001\/wp-json\/wp\/v2\/categories?post=30015"},{"taxonomy":"post_tag","embeddable":true,"href":"https:\/\/www.studiogera.de\/001\/wp-json\/wp\/v2\/tags?post=30015"}],"curies":[{"name":"wp","href":"https:\/\/api.w.org\/{rel}","templated":true}]}}