{"id":30031,"date":"2024-03-02T13:43:36","date_gmt":"2024-03-02T12:43:36","guid":{"rendered":"http:\/\/www.studiogera.de\/001\/?p=30031"},"modified":"2024-03-03T11:07:52","modified_gmt":"2024-03-03T10:07:52","slug":"polizeieinsatz-in-der-webergasse","status":"publish","type":"post","link":"https:\/\/www.studiogera.de\/001\/2024\/03\/02\/polizeieinsatz-in-der-webergasse\/","title":{"rendered":"POLIZEIEINSATZ IN DER WEBERGASSE"},"content":{"rendered":"\n<p>\u00dcber einen Streit zweier M\u00e4nner wurde die Geraer Polizei am 29. Februar um 17.35 Uhr via Notruf verst\u00e4ndig. Hierbei meldete ein 14-J\u00e4hriger deutscher Staatsb\u00fcrger, soeben mit einem Messer bedroht worden zu sein. Ein am Streit beteiligter 19-j\u00e4hriger deutscher Staatsb\u00fcrger konnte beim Eintreffen durch die hinzugezogenen Beamten gestellt werden. Als der Mann in polizeilichen Gewahrsam genommen wurde, leistete dieser massiven Widerstand gegen die polizeiliche Ma\u00dfnahme. Der Mann wurde schlussendlich aufgrund seines Ausnahmezustandes in ein Klinikum eingewiesen. Gegen den ihn wird nun wegen Bedrohung und Widerstandes ermittelt.<\/p>\n","protected":false},"excerpt":{"rendered":"<div class=\"mh-excerpt\"><p>\u00dcber einen Streit zweier M\u00e4nner wurde die Geraer Polizei am 29. Februar um 17.35 Uhr via Notruf verst\u00e4ndig. Hierbei meldete ein 14-J\u00e4hriger deutscher Staatsb\u00fcrger, soeben mit einem Messer bedroht worden zu sein. Ein am Streit <a class=\"mh-excerpt-more\" href=\"https:\/\/www.studiogera.de\/001\/2024\/03\/02\/polizeieinsatz-in-der-webergasse\/\" title=\"POLIZEIEINSATZ IN DER WEBERGASSE\">[&#8230;]<\/a><\/p>\n<\/div>","protected":false},"author":2,"featured_media":9357,"comment_status":"open","ping_status":"open","sticky":false,"template":"","format":"standard","meta":{"footnotes":""},"categories":[13],"tags":[],"class_list":{"0":"post-30031","1":"post","2":"type-post","3":"status-publish","4":"format-standard","5":"has-post-thumbnail","7":"category-polizeiberichte"},"_links":{"self":[{"href":"https:\/\/www.studiogera.de\/001\/wp-json\/wp\/v2\/posts\/30031","targetHints":{"allow":["GET"]}}],"collection":[{"href":"https:\/\/www.studiogera.de\/001\/wp-json\/wp\/v2\/posts"}],"about":[{"href":"https:\/\/www.studiogera.de\/001\/wp-json\/wp\/v2\/types\/post"}],"author":[{"embeddable":true,"href":"https:\/\/www.studiogera.de\/001\/wp-json\/wp\/v2\/users\/2"}],"replies":[{"embeddable":true,"href":"https:\/\/www.studiogera.de\/001\/wp-json\/wp\/v2\/comments?post=30031"}],"version-history":[{"count":2,"href":"https:\/\/www.studiogera.de\/001\/wp-json\/wp\/v2\/posts\/30031\/revisions"}],"predecessor-version":[{"id":30037,"href":"https:\/\/www.studiogera.de\/001\/wp-json\/wp\/v2\/posts\/30031\/revisions\/30037"}],"wp:featuredmedia":[{"embeddable":true,"href":"https:\/\/www.studiogera.de\/001\/wp-json\/wp\/v2\/media\/9357"}],"wp:attachment":[{"href":"https:\/\/www.studiogera.de\/001\/wp-json\/wp\/v2\/media?parent=30031"}],"wp:term":[{"taxonomy":"category","embeddable":true,"href":"https:\/\/www.studiogera.de\/001\/wp-json\/wp\/v2\/categories?post=30031"},{"taxonomy":"post_tag","embeddable":true,"href":"https:\/\/www.studiogera.de\/001\/wp-json\/wp\/v2\/tags?post=30031"}],"curies":[{"name":"wp","href":"https:\/\/api.w.org\/{rel}","templated":true}]}}