{"id":31054,"date":"2024-04-25T22:07:36","date_gmt":"2024-04-25T20:07:36","guid":{"rendered":"https:\/\/www.studiogera.de\/001\/?p=31054"},"modified":"2024-04-25T22:07:37","modified_gmt":"2024-04-25T20:07:37","slug":"klarnamen-und-verwirkbare-social-media-lizenzen","status":"publish","type":"post","link":"https:\/\/www.studiogera.de\/001\/2024\/04\/25\/klarnamen-und-verwirkbare-social-media-lizenzen\/","title":{"rendered":"KLARNAMEN UND VERWIRKBARE SOCIAL-MEDIA-LIZENZEN"},"content":{"rendered":"\n<p>Der Vorsitzende der th\u00fcringischen CDU-Landtagsfraktion, Professor Dr. Mario Voigt, sprach sich am 25. April 2024 im Th\u00fcringer Landesparlament f\u00fcr eine sogenannte Klarnamenpflicht in sozialen Netzwerken aus. Die Meinungsfreiheit d\u00fcrfe nicht hinter Pseudonymen versteckt werden, sagte er zur Begr\u00fcndung. Zudem regte er an, \u00fcber verwirkbare Social-Media-Lizenzen f\u00fcr jeden Nutzer nachzudenken, um Gef\u00e4hrder ausschlie\u00dfen zu k\u00f6nnen.<\/p>\n\n\n\n<p>Auf Antrag der Fraktion B\u00fcndnis 90\/Die Gr\u00fcnen stand das Thema \u201eFreiheit und Vielfalt der Medien in Th\u00fcringen langfristig sch\u00fctzen \u2014 den \u00f6ffentlichen Rundfunk st\u00e4rken\u201d auf der Tagesordnung. Die Partei sieht die Medienfreiheit, Medienvielfalt und damit auch die Demokratie bedroht. Als Gr\u00fcnde nennt sie die Desinformation im Internet, Gewalt gegen Medienschaffende und die von der AFD angek\u00fcndigte K\u00fcndigung der Medienstaatsvertr\u00e4ge.<\/p>\n","protected":false},"excerpt":{"rendered":"<div class=\"mh-excerpt\"><p>Der Vorsitzende der th\u00fcringischen CDU-Landtagsfraktion, Professor Dr. Mario Voigt, sprach sich am 25. April 2024 im Th\u00fcringer Landesparlament f\u00fcr eine sogenannte Klarnamenpflicht in sozialen Netzwerken aus. Die Meinungsfreiheit d\u00fcrfe nicht hinter Pseudonymen versteckt werden, sagte <a class=\"mh-excerpt-more\" href=\"https:\/\/www.studiogera.de\/001\/2024\/04\/25\/klarnamen-und-verwirkbare-social-media-lizenzen\/\" title=\"KLARNAMEN UND VERWIRKBARE SOCIAL-MEDIA-LIZENZEN\">[&#8230;]<\/a><\/p>\n<\/div>","protected":false},"author":2,"featured_media":31055,"comment_status":"open","ping_status":"open","sticky":false,"template":"","format":"standard","meta":{"footnotes":""},"categories":[17],"tags":[],"class_list":{"0":"post-31054","1":"post","2":"type-post","3":"status-publish","4":"format-standard","5":"has-post-thumbnail","7":"category-medien"},"_links":{"self":[{"href":"https:\/\/www.studiogera.de\/001\/wp-json\/wp\/v2\/posts\/31054","targetHints":{"allow":["GET"]}}],"collection":[{"href":"https:\/\/www.studiogera.de\/001\/wp-json\/wp\/v2\/posts"}],"about":[{"href":"https:\/\/www.studiogera.de\/001\/wp-json\/wp\/v2\/types\/post"}],"author":[{"embeddable":true,"href":"https:\/\/www.studiogera.de\/001\/wp-json\/wp\/v2\/users\/2"}],"replies":[{"embeddable":true,"href":"https:\/\/www.studiogera.de\/001\/wp-json\/wp\/v2\/comments?post=31054"}],"version-history":[{"count":1,"href":"https:\/\/www.studiogera.de\/001\/wp-json\/wp\/v2\/posts\/31054\/revisions"}],"predecessor-version":[{"id":31056,"href":"https:\/\/www.studiogera.de\/001\/wp-json\/wp\/v2\/posts\/31054\/revisions\/31056"}],"wp:featuredmedia":[{"embeddable":true,"href":"https:\/\/www.studiogera.de\/001\/wp-json\/wp\/v2\/media\/31055"}],"wp:attachment":[{"href":"https:\/\/www.studiogera.de\/001\/wp-json\/wp\/v2\/media?parent=31054"}],"wp:term":[{"taxonomy":"category","embeddable":true,"href":"https:\/\/www.studiogera.de\/001\/wp-json\/wp\/v2\/categories?post=31054"},{"taxonomy":"post_tag","embeddable":true,"href":"https:\/\/www.studiogera.de\/001\/wp-json\/wp\/v2\/tags?post=31054"}],"curies":[{"name":"wp","href":"https:\/\/api.w.org\/{rel}","templated":true}]}}