{"id":31110,"date":"2024-04-30T01:28:57","date_gmt":"2024-04-29T23:28:57","guid":{"rendered":"https:\/\/www.studiogera.de\/001\/?p=31110"},"modified":"2024-04-30T01:28:59","modified_gmt":"2024-04-29T23:28:59","slug":"neues-oeffentliches-wc","status":"publish","type":"post","link":"https:\/\/www.studiogera.de\/001\/2024\/04\/30\/neues-oeffentliches-wc\/","title":{"rendered":"NEUES \u00d6FFENTLICHES WC"},"content":{"rendered":"\n<p>Die Stadt Gera nimmt eine weitere \u00f6ffentliche Toilette in Betrieb: Ab dem 2. Mai 2024 steht eine entsprechende Einrichtung im Kultur- und Kongresszentrum zur Verf\u00fcgung. Der Zugang erfolgt dabei \u00fcber eine Automatikt\u00fcr neben dem Eingang A, der \u00fcber die Freifl\u00e4che zwischen dem KUK und den Gera-Arcaden zu erreichen ist. Die Gesamtkosten f\u00fcr den Bau der Anlage belaufen sich auf rund 60&#8217;000 Euro exkl. Planungskosten, wobei 90 % der Kosten im Rahmen des Bundesprogramms \u201aZukunftsf\u00e4hige Innenst\u00e4dte und Zentren\u2018 gef\u00f6rdert wurden.\u00a0Koordiniert und umgesetzt wurde das Projekt von der Elstertal-Infraprojekt GmbH.<\/p>\n\n\n\n<p>Die neue Toilette kann rund um die Uhr und damit auch in den Abendstunden und am Wochenende genutzt werden. Sie ist dabei schon die zweite Anlage, die binnen eines Jahres er\u00f6ffnet wird. Im M\u00e4rz des vergangenen Jahres wurde eine entsprechende Einrichtung im Innenhof des Geraer Rathauses fertiggestellt, die Nutzer \u00fcber den Eingang an der Pforte erreichen k\u00f6nnen. Die Anlage wurde dabei mit einem M\u00fcnzer ausgestattet und kann durch Einwurf einer 50-Cent-M\u00fcnze entsperrt werden. Grund f\u00fcr diese Ma\u00dfnahme sind die Erfahrungen mit Vandalismus-Sch\u00e4den, die die Stadt in den vergangenen Jahren gesammelt hat. So musste bspw. die Toilettenanlage im Hofwiesenpark aufgrund vermehrter Besch\u00e4digungen der regul\u00e4ren Nutzung entzogen werden, da eine sichere Nutzung trotz regelm\u00e4\u00dfiger Kontrollen und Reparaturen nicht immer gew\u00e4hrleistet werden konnte. Die Anlage wird daher nur noch im Rahmen von Veranstaltungen ge\u00f6ffnet.<\/p>\n\n\n\n<p>Um auch alle G\u00e4ste der Stadt \u00fcber die Existenz der neuen \u00f6ffentlichen Toilette im KuK zu informieren, wird die neue Anlage im laufenden Jahr auch mit Hilfe mehrerer Wegweiser im Stadtzentrum ausgeschildert. Zudem wird sie k\u00fcnftig auch in digitalen Karten wie Google Maps oder dem st\u00e4dtischen Geoportal entsprechend ausgewiesen.<\/p>\n","protected":false},"excerpt":{"rendered":"<div class=\"mh-excerpt\"><p>Die Stadt Gera nimmt eine weitere \u00f6ffentliche Toilette in Betrieb: Ab dem 2. Mai 2024 steht eine entsprechende Einrichtung im Kultur- und Kongresszentrum zur Verf\u00fcgung. Der Zugang erfolgt dabei \u00fcber eine Automatikt\u00fcr neben dem Eingang <a class=\"mh-excerpt-more\" href=\"https:\/\/www.studiogera.de\/001\/2024\/04\/30\/neues-oeffentliches-wc\/\" title=\"NEUES \u00d6FFENTLICHES WC\">[&#8230;]<\/a><\/p>\n<\/div>","protected":false},"author":3,"featured_media":22617,"comment_status":"open","ping_status":"open","sticky":false,"template":"","format":"standard","meta":{"footnotes":""},"categories":[16],"tags":[],"class_list":{"0":"post-31110","1":"post","2":"type-post","3":"status-publish","4":"format-standard","5":"has-post-thumbnail","7":"category-kurzmitteilungen"},"_links":{"self":[{"href":"https:\/\/www.studiogera.de\/001\/wp-json\/wp\/v2\/posts\/31110","targetHints":{"allow":["GET"]}}],"collection":[{"href":"https:\/\/www.studiogera.de\/001\/wp-json\/wp\/v2\/posts"}],"about":[{"href":"https:\/\/www.studiogera.de\/001\/wp-json\/wp\/v2\/types\/post"}],"author":[{"embeddable":true,"href":"https:\/\/www.studiogera.de\/001\/wp-json\/wp\/v2\/users\/3"}],"replies":[{"embeddable":true,"href":"https:\/\/www.studiogera.de\/001\/wp-json\/wp\/v2\/comments?post=31110"}],"version-history":[{"count":1,"href":"https:\/\/www.studiogera.de\/001\/wp-json\/wp\/v2\/posts\/31110\/revisions"}],"predecessor-version":[{"id":31111,"href":"https:\/\/www.studiogera.de\/001\/wp-json\/wp\/v2\/posts\/31110\/revisions\/31111"}],"wp:featuredmedia":[{"embeddable":true,"href":"https:\/\/www.studiogera.de\/001\/wp-json\/wp\/v2\/media\/22617"}],"wp:attachment":[{"href":"https:\/\/www.studiogera.de\/001\/wp-json\/wp\/v2\/media?parent=31110"}],"wp:term":[{"taxonomy":"category","embeddable":true,"href":"https:\/\/www.studiogera.de\/001\/wp-json\/wp\/v2\/categories?post=31110"},{"taxonomy":"post_tag","embeddable":true,"href":"https:\/\/www.studiogera.de\/001\/wp-json\/wp\/v2\/tags?post=31110"}],"curies":[{"name":"wp","href":"https:\/\/api.w.org\/{rel}","templated":true}]}}