{"id":31201,"date":"2024-05-03T15:42:07","date_gmt":"2024-05-03T13:42:07","guid":{"rendered":"https:\/\/www.studiogera.de\/001\/?p=31201"},"modified":"2024-05-03T15:47:45","modified_gmt":"2024-05-03T13:47:45","slug":"rundgang-durch-den-kuenftigen-lusaner-schulcampus","status":"publish","type":"post","link":"https:\/\/www.studiogera.de\/001\/2024\/05\/03\/rundgang-durch-den-kuenftigen-lusaner-schulcampus\/","title":{"rendered":"RUNDGANG DURCH DEN K\u00dcNFTIGEN LUSANER SCHULCAMPUS"},"content":{"rendered":"\n<p><em>Am 4. Mai 2024, dem Tag der St\u00e4dtebauf\u00f6rderung, stehen die Schule und ihr Umfeld im Fokus. Letztmalig ist eine \u00f6ffentliche Besichtigung m\u00f6glich.<\/em><\/p>\n\n\n\n<p>Letztmalig vor der umfangreichen Neugestaltung und Erweiterung ist das Geb\u00e4ude der Regelschule \u201eDie Vierte\u201c in der Rudolst\u00e4dter Stra\u00dfe in Lusan zum Tag der St\u00e4dtebauf\u00f6rderung am 4. Mai 2024 ge\u00f6ffnet. Ab 10 Uhr k\u00f6nnen sich Interessierte in der ehemaligen Mediothek der Schule \u00fcber die geplante Bauma\u00dfnahme und in einer baubegleitenden Ausstellung \u00fcber die Geschichte des Schulstandortes informieren. Anschlie\u00dfend, ab zirka 11 Uhr, l\u00e4dt die Stadtteilmanagerin zu einem Rundgang in dem Quartier ein, das im Zuge der Gestaltung des Bildungscampus Lusan aufgewertet werden soll.<\/p>\n\n\n\n<p>Der Bildungscampus Lusan ist mit Gesamtkosten in H\u00f6he von rund 35 Millionen Euro das bisher gr\u00f6\u00dfte Stadtentwicklungs- und Schulbauvorhaben der Stadt Gera. Es soll das soziale Leben in Lusan als Zentrum f\u00fcr alle Generationen bereichern. Die Regelschule \u201eDie Vierte\u201c hat inzwischen ein \u00dcbergangsquartier in Debschwitz bezogen, wo der Unterricht w\u00e4hrend der Sanierung stattfindet.<\/p>\n\n\n\n<p>Unter dem Motto \u201eWir im Quartier\u201c finden am 4. Mai 2024 in ganz Deutschland Veranstaltungen statt, die zeigen, welche Wirkung die St\u00e4dtebauf\u00f6rderung vor Ort hat.<\/p>\n\n\n\n<p>QUELLE: STADTVERWALTUNG<\/p>\n","protected":false},"excerpt":{"rendered":"<div class=\"mh-excerpt\"><p>Am 4. Mai 2024, dem Tag der St\u00e4dtebauf\u00f6rderung, stehen die Schule und ihr Umfeld im Fokus. Letztmalig ist eine \u00f6ffentliche Besichtigung m\u00f6glich. Letztmalig vor der umfangreichen Neugestaltung und Erweiterung ist das Geb\u00e4ude der Regelschule \u201eDie <a class=\"mh-excerpt-more\" href=\"https:\/\/www.studiogera.de\/001\/2024\/05\/03\/rundgang-durch-den-kuenftigen-lusaner-schulcampus\/\" title=\"RUNDGANG DURCH DEN K\u00dcNFTIGEN LUSANER SCHULCAMPUS\">[&#8230;]<\/a><\/p>\n<\/div>","protected":false},"author":2,"featured_media":31202,"comment_status":"open","ping_status":"open","sticky":false,"template":"","format":"standard","meta":{"footnotes":""},"categories":[3],"tags":[],"class_list":{"0":"post-31201","1":"post","2":"type-post","3":"status-publish","4":"format-standard","5":"has-post-thumbnail","7":"category-lokal"},"_links":{"self":[{"href":"https:\/\/www.studiogera.de\/001\/wp-json\/wp\/v2\/posts\/31201","targetHints":{"allow":["GET"]}}],"collection":[{"href":"https:\/\/www.studiogera.de\/001\/wp-json\/wp\/v2\/posts"}],"about":[{"href":"https:\/\/www.studiogera.de\/001\/wp-json\/wp\/v2\/types\/post"}],"author":[{"embeddable":true,"href":"https:\/\/www.studiogera.de\/001\/wp-json\/wp\/v2\/users\/2"}],"replies":[{"embeddable":true,"href":"https:\/\/www.studiogera.de\/001\/wp-json\/wp\/v2\/comments?post=31201"}],"version-history":[{"count":1,"href":"https:\/\/www.studiogera.de\/001\/wp-json\/wp\/v2\/posts\/31201\/revisions"}],"predecessor-version":[{"id":31203,"href":"https:\/\/www.studiogera.de\/001\/wp-json\/wp\/v2\/posts\/31201\/revisions\/31203"}],"wp:featuredmedia":[{"embeddable":true,"href":"https:\/\/www.studiogera.de\/001\/wp-json\/wp\/v2\/media\/31202"}],"wp:attachment":[{"href":"https:\/\/www.studiogera.de\/001\/wp-json\/wp\/v2\/media?parent=31201"}],"wp:term":[{"taxonomy":"category","embeddable":true,"href":"https:\/\/www.studiogera.de\/001\/wp-json\/wp\/v2\/categories?post=31201"},{"taxonomy":"post_tag","embeddable":true,"href":"https:\/\/www.studiogera.de\/001\/wp-json\/wp\/v2\/tags?post=31201"}],"curies":[{"name":"wp","href":"https:\/\/api.w.org\/{rel}","templated":true}]}}