{"id":31204,"date":"2024-05-03T15:47:00","date_gmt":"2024-05-03T13:47:00","guid":{"rendered":"https:\/\/www.studiogera.de\/001\/?p=31204"},"modified":"2024-05-04T11:42:54","modified_gmt":"2024-05-04T09:42:54","slug":"briefwahllokal-im-kultur-und-kongresszentrum","status":"publish","type":"post","link":"https:\/\/www.studiogera.de\/001\/2024\/05\/03\/briefwahllokal-im-kultur-und-kongresszentrum\/","title":{"rendered":"BRIEFWAHLLOKAL IM KULTUR- UND KONGRESSZENTRUM"},"content":{"rendered":"\n<p>Das Briefwahllokal der Stadt Gera im Kultur- und Kongresszentrum wird am 6. Mai 2024 f\u00fcr drei Wochen ge\u00f6ffnet sein. Bis zum 24. Mai haben B\u00fcrger die M\u00f6glichkeit, vor Ort montags bis donnerstags in der Zeit von 9 Uhr bis 17 Uhr und freitags von 9 Uhr bis 15 Uhr ihre Wahlentscheidung f\u00fcr die Kommunalwahl und Europawahl zu treffen und an der Briefwahl teilzunehmen. Einzige Ausnahmen bilden die Feiertage am 9. Mai und 20. Mai. Am letzten Freitag vor der Kommunalwahl, den 24. Mai, ist das Briefwahllokal verl\u00e4ngert bis 18 Uhr ge\u00f6ffnet. Vom 27. Mai bis 31. Mai hat das Briefwahllokal vor\u00fcbergehend geschlossen und \u00f6ffnet anschlie\u00dfend erneut in der Woche vor der Europawahl und m\u00f6glichen Stichwahl vom 3. Juni bis 6. Juni von 9 Uhr bis 17 Uhr und am 7. Juni von 9 Uhr bis 18 Uhr.<\/p>\n\n\n\n<p>Das Briefwahllokal kann auch ohne Wahlbenachrichtigung genutzt werden. Wichtig ist, dass sich die Einwohnerinnen und Einwohner mit einem g\u00fcltigen Dokument ausweisen k\u00f6nnen. Gleiches gilt auch f\u00fcr die Wahlsonntage. Vereinzelt kann es vorkommen, dass Wahlbenachrichtigungen aufgrund von Umzug und Ummeldung nicht zugestellt werden.<\/p>\n\n\n\n<p>Die Briefwahlunterlagen k\u00f6nnen zudem unter \u201ehttp:\/\/<a href=\"http:\/\/www.gera.de\">www.gera.de<\/a>\u201d oder durch R\u00fccksendung des auf der R\u00fcckseite der Wahlbenachrichtigung aufgedruckten, ausgef\u00fcllten und unterschriebenen Briefwahlantrages zu beantragen.<\/p>\n\n\n\n<p>QUELLE: STADTVERWALTUNG<\/p>\n","protected":false},"excerpt":{"rendered":"<div class=\"mh-excerpt\"><p>Das Briefwahllokal der Stadt Gera im Kultur- und Kongresszentrum wird am 6. Mai 2024 f\u00fcr drei Wochen ge\u00f6ffnet sein. Bis zum 24. Mai haben B\u00fcrger die M\u00f6glichkeit, vor Ort montags bis donnerstags in der Zeit <a class=\"mh-excerpt-more\" href=\"https:\/\/www.studiogera.de\/001\/2024\/05\/03\/briefwahllokal-im-kultur-und-kongresszentrum\/\" title=\"BRIEFWAHLLOKAL IM KULTUR- UND KONGRESSZENTRUM\">[&#8230;]<\/a><\/p>\n<\/div>","protected":false},"author":2,"featured_media":31205,"comment_status":"open","ping_status":"open","sticky":false,"template":"","format":"standard","meta":{"footnotes":""},"categories":[3],"tags":[],"class_list":{"0":"post-31204","1":"post","2":"type-post","3":"status-publish","4":"format-standard","5":"has-post-thumbnail","7":"category-lokal"},"_links":{"self":[{"href":"https:\/\/www.studiogera.de\/001\/wp-json\/wp\/v2\/posts\/31204","targetHints":{"allow":["GET"]}}],"collection":[{"href":"https:\/\/www.studiogera.de\/001\/wp-json\/wp\/v2\/posts"}],"about":[{"href":"https:\/\/www.studiogera.de\/001\/wp-json\/wp\/v2\/types\/post"}],"author":[{"embeddable":true,"href":"https:\/\/www.studiogera.de\/001\/wp-json\/wp\/v2\/users\/2"}],"replies":[{"embeddable":true,"href":"https:\/\/www.studiogera.de\/001\/wp-json\/wp\/v2\/comments?post=31204"}],"version-history":[{"count":2,"href":"https:\/\/www.studiogera.de\/001\/wp-json\/wp\/v2\/posts\/31204\/revisions"}],"predecessor-version":[{"id":31228,"href":"https:\/\/www.studiogera.de\/001\/wp-json\/wp\/v2\/posts\/31204\/revisions\/31228"}],"wp:featuredmedia":[{"embeddable":true,"href":"https:\/\/www.studiogera.de\/001\/wp-json\/wp\/v2\/media\/31205"}],"wp:attachment":[{"href":"https:\/\/www.studiogera.de\/001\/wp-json\/wp\/v2\/media?parent=31204"}],"wp:term":[{"taxonomy":"category","embeddable":true,"href":"https:\/\/www.studiogera.de\/001\/wp-json\/wp\/v2\/categories?post=31204"},{"taxonomy":"post_tag","embeddable":true,"href":"https:\/\/www.studiogera.de\/001\/wp-json\/wp\/v2\/tags?post=31204"}],"curies":[{"name":"wp","href":"https:\/\/api.w.org\/{rel}","templated":true}]}}