{"id":31207,"date":"2024-05-03T16:00:13","date_gmt":"2024-05-03T14:00:13","guid":{"rendered":"https:\/\/www.studiogera.de\/001\/?p=31207"},"modified":"2024-05-03T16:00:14","modified_gmt":"2024-05-03T14:00:14","slug":"schueler-aus-saint-denis-zu-gast-in-gera","status":"publish","type":"post","link":"https:\/\/www.studiogera.de\/001\/2024\/05\/03\/schueler-aus-saint-denis-zu-gast-in-gera\/","title":{"rendered":"SCH\u00dcLER AUS SAINT-DENIS ZU GAST IN GERA"},"content":{"rendered":"\n<p>Vom 22. bis zum 26. April 2024 besuchten acht Sch\u00fcler und zwei Lehrer aus Saint-Denis die Stadt Gera.\u00a0 Seit \u00fcber einem Jahr gab es im Rahmen des Deutsch- bzw. Franz\u00f6sischunterrichts einen Austausch zwischen den Sch\u00fclern der achten Klasse des Osterlandgymnasium mit den gleichaltrigen Sch\u00fclern aus Geras franz\u00f6sischer Partnerstadt Saint-Denis. Ausgetauscht wurden Briefe, Videos und Audiodateien in denen die Sch\u00fcler unter anderem sich, ihre Hobbys, ihre Schule und ihre Essgewohnheiten vorstellten. Organisiert wurden die Inhalte von Kahrin L\u00f6ffler, Lehrerin am Osterlandgymnasium.<\/p>\n\n\n\n<p>Und so erwarteten die deutschen Sch\u00fcler ihre G\u00e4ste voller Spannung. Sie zeigten ihnen ihre Schule, waren gemeinsam in Jena auf dem Napoleonwanderweg unterwegs, erkundeten Weimar und verbrachten einen vergn\u00fcglichen Abend beim Bowling.<\/p>\n\n\n\n<p>Die franz\u00f6sischen Jugendlichen trafen auch den Kinderrat der Stadt Gera und stellten ihnen ihre vorbereiteten Fragen. Daran schloss sich ein Besuch des Naturkundemuseums an. Au\u00dferdem waren sie zu einer Gespr\u00e4chsrunde mit dem Oberb\u00fcrgermeister der Stadt Gera, Julian Vonarb, eingeladen. Und sie waren \u00fcberrascht, dass er ihre Muttersprache so gut beherrschte. In Erinnerung bleibt den deutschen Sch\u00fclern auch der Abend, an dem sie einen franz\u00f6sischen Jugendlichen zum Abendessen mit in ihre Familien nahmen und nat\u00fcrlich der Abschlussabend, an dem nicht nur gegrillt und gegessen wurde, sondern die Sch\u00fcler auch gemeinsam Fu\u00dfball und Tischtennis spielten.<\/p>\n\n\n\n<p>Nun freuen sich die deutschen Sch\u00fcler auf ihren Besuch in Saint-Denis, der im September 2024 stattfinden soll.<\/p>\n\n\n\n<p>QUELLE: STADTVERWALTUNG<\/p>\n","protected":false},"excerpt":{"rendered":"<div class=\"mh-excerpt\"><p>Vom 22. bis zum 26. April 2024 besuchten acht Sch\u00fcler und zwei Lehrer aus Saint-Denis die Stadt Gera.\u00a0 Seit \u00fcber einem Jahr gab es im Rahmen des Deutsch- bzw. Franz\u00f6sischunterrichts einen Austausch zwischen den Sch\u00fclern <a class=\"mh-excerpt-more\" href=\"https:\/\/www.studiogera.de\/001\/2024\/05\/03\/schueler-aus-saint-denis-zu-gast-in-gera\/\" title=\"SCH\u00dcLER AUS SAINT-DENIS ZU GAST IN GERA\">[&#8230;]<\/a><\/p>\n<\/div>","protected":false},"author":2,"featured_media":31208,"comment_status":"open","ping_status":"open","sticky":false,"template":"","format":"standard","meta":{"footnotes":""},"categories":[8],"tags":[],"class_list":{"0":"post-31207","1":"post","2":"type-post","3":"status-publish","4":"format-standard","5":"has-post-thumbnail","7":"category-kultur"},"_links":{"self":[{"href":"https:\/\/www.studiogera.de\/001\/wp-json\/wp\/v2\/posts\/31207","targetHints":{"allow":["GET"]}}],"collection":[{"href":"https:\/\/www.studiogera.de\/001\/wp-json\/wp\/v2\/posts"}],"about":[{"href":"https:\/\/www.studiogera.de\/001\/wp-json\/wp\/v2\/types\/post"}],"author":[{"embeddable":true,"href":"https:\/\/www.studiogera.de\/001\/wp-json\/wp\/v2\/users\/2"}],"replies":[{"embeddable":true,"href":"https:\/\/www.studiogera.de\/001\/wp-json\/wp\/v2\/comments?post=31207"}],"version-history":[{"count":1,"href":"https:\/\/www.studiogera.de\/001\/wp-json\/wp\/v2\/posts\/31207\/revisions"}],"predecessor-version":[{"id":31209,"href":"https:\/\/www.studiogera.de\/001\/wp-json\/wp\/v2\/posts\/31207\/revisions\/31209"}],"wp:featuredmedia":[{"embeddable":true,"href":"https:\/\/www.studiogera.de\/001\/wp-json\/wp\/v2\/media\/31208"}],"wp:attachment":[{"href":"https:\/\/www.studiogera.de\/001\/wp-json\/wp\/v2\/media?parent=31207"}],"wp:term":[{"taxonomy":"category","embeddable":true,"href":"https:\/\/www.studiogera.de\/001\/wp-json\/wp\/v2\/categories?post=31207"},{"taxonomy":"post_tag","embeddable":true,"href":"https:\/\/www.studiogera.de\/001\/wp-json\/wp\/v2\/tags?post=31207"}],"curies":[{"name":"wp","href":"https:\/\/api.w.org\/{rel}","templated":true}]}}