{"id":31592,"date":"2024-05-28T22:40:34","date_gmt":"2024-05-28T20:40:34","guid":{"rendered":"https:\/\/www.studiogera.de\/001\/?p=31592"},"modified":"2024-05-28T22:40:35","modified_gmt":"2024-05-28T20:40:35","slug":"langjaehriger-leiter-der-tierpark-eisenbahn-verstorben","status":"publish","type":"post","link":"https:\/\/www.studiogera.de\/001\/2024\/05\/28\/langjaehriger-leiter-der-tierpark-eisenbahn-verstorben\/","title":{"rendered":"LANGJ\u00c4HRIGER LEITER DER TIERPARK-EISENBAHN VERSTORBEN"},"content":{"rendered":"\n<p>Am 28. Mai 2024 ruhte der Eisenbahnbetrieb im Tierpark. Der Grund war die Beisetzung des langj\u00e4hrigen Leiters der Pionier- und Parkeisenbahn, Herrn Klaus Schwarz. Er ist am 7. Mai vertarb er im Alter von 87 Jahren. Klaus Schwarz war \u00fcber viele Jahre hinweg die zentrale Figur in der Entwicklung und dem Betrieb der Schmalspurbahn im Tierpark und hinterl\u00e4sst ein bleibendes Verm\u00e4chtnis in der Gemeinschaft. Der gegenw\u00e4rtige Leiter der Parkeisenbahn, Hans Joachim Lassmann, nahm als Vertreter der Stadt Gera an der Beisetzung teil.<p style=\"font-family: sans-serif;font-size: medium\"><\/p><p style=\"font-family: sans-serif;font-size: medium\"><\/p><p style=\"margin: 0cm 0cm 0.0001pt;font-size: 11pt;font-family: Calibri, sans-serif\" class=\"MsoNormal\"><\/p>\u00a0QUELLE: STADTVERWALTUNG<\/p>\n","protected":false},"excerpt":{"rendered":"<div class=\"mh-excerpt\"><p>Am 28. Mai 2024 ruhte der Eisenbahnbetrieb im Tierpark. Der Grund war die Beisetzung des langj\u00e4hrigen Leiters der Pionier- und Parkeisenbahn, Herrn Klaus Schwarz. Er ist am 7. Mai vertarb er im Alter von 87 <a class=\"mh-excerpt-more\" href=\"https:\/\/www.studiogera.de\/001\/2024\/05\/28\/langjaehriger-leiter-der-tierpark-eisenbahn-verstorben\/\" title=\"LANGJ\u00c4HRIGER LEITER DER TIERPARK-EISENBAHN VERSTORBEN\">[&#8230;]<\/a><\/p>\n<\/div>","protected":false},"author":3,"featured_media":22617,"comment_status":"open","ping_status":"open","sticky":false,"template":"","format":"standard","meta":{"footnotes":""},"categories":[16],"tags":[],"class_list":{"0":"post-31592","1":"post","2":"type-post","3":"status-publish","4":"format-standard","5":"has-post-thumbnail","7":"category-kurzmitteilungen"},"_links":{"self":[{"href":"https:\/\/www.studiogera.de\/001\/wp-json\/wp\/v2\/posts\/31592","targetHints":{"allow":["GET"]}}],"collection":[{"href":"https:\/\/www.studiogera.de\/001\/wp-json\/wp\/v2\/posts"}],"about":[{"href":"https:\/\/www.studiogera.de\/001\/wp-json\/wp\/v2\/types\/post"}],"author":[{"embeddable":true,"href":"https:\/\/www.studiogera.de\/001\/wp-json\/wp\/v2\/users\/3"}],"replies":[{"embeddable":true,"href":"https:\/\/www.studiogera.de\/001\/wp-json\/wp\/v2\/comments?post=31592"}],"version-history":[{"count":1,"href":"https:\/\/www.studiogera.de\/001\/wp-json\/wp\/v2\/posts\/31592\/revisions"}],"predecessor-version":[{"id":31593,"href":"https:\/\/www.studiogera.de\/001\/wp-json\/wp\/v2\/posts\/31592\/revisions\/31593"}],"wp:featuredmedia":[{"embeddable":true,"href":"https:\/\/www.studiogera.de\/001\/wp-json\/wp\/v2\/media\/22617"}],"wp:attachment":[{"href":"https:\/\/www.studiogera.de\/001\/wp-json\/wp\/v2\/media?parent=31592"}],"wp:term":[{"taxonomy":"category","embeddable":true,"href":"https:\/\/www.studiogera.de\/001\/wp-json\/wp\/v2\/categories?post=31592"},{"taxonomy":"post_tag","embeddable":true,"href":"https:\/\/www.studiogera.de\/001\/wp-json\/wp\/v2\/tags?post=31592"}],"curies":[{"name":"wp","href":"https:\/\/api.w.org\/{rel}","templated":true}]}}