{"id":31598,"date":"2024-05-29T12:39:04","date_gmt":"2024-05-29T10:39:04","guid":{"rendered":"https:\/\/www.studiogera.de\/001\/?p=31598"},"modified":"2024-05-29T12:39:06","modified_gmt":"2024-05-29T10:39:06","slug":"kabarett-ensemble-herkuleskeule-zu-gast-im-geraer-theater","status":"publish","type":"post","link":"https:\/\/www.studiogera.de\/001\/2024\/05\/29\/kabarett-ensemble-herkuleskeule-zu-gast-im-geraer-theater\/","title":{"rendered":"KABARETT-ENSEMBLE \u201eHERKULESKEULE\u201c ZU GAST IM GERAER THEATER"},"content":{"rendered":"\n<p>Treffen sich zwei. Sagt der eine: \u201eMeine Frau braucht Raum f\u00fcr sich.\u201c Sagt der andere: \u201eKannst erstmal bei mir wohnen.\u201c Was wie ein Witz beginnt, wird f\u00fcr den anderen zum Albtraum. Denn kaum beim anderen eingezogen, zeigt der eine dem anderen, wie er ab jetzt zu leben hat: Gendergerecht, verpackungsfrei und vegan! Und weil der andere sich nicht \u00e4ndern will, klebt sich der eine auf den Fu\u00dfboden. Sie kennen diese Debatten von zuhause? Die neue Kabarettkom\u00f6die des Dresdner Kabarett-Ensembles \u201eHerkuleskeule\u201c holt den Streit vom K\u00fcchentisch am Samstag, den 15. Juni 2024, um 19.30 Uhr auf die B\u00fchne am Park Gera, treibt den Irrwitz auf die Spitze und findet doch keine Antworten. Dass es dabei hochmusikalisch zugeht, daf\u00fcr sorgen die Musiker Jens Wagner und Volker Fiebig \u2013 mit neuen Beats und so virtuos, da macht Streiten Spa\u00df.<\/p>\n\n\n\n<p>Eintrittskarten sind an den Theaterkassen sowie \u00fcber die Webseite des Theaters erh\u00e4ltlich. Diese sind unter der Rufnummer 0365 8279105 bzw. 03447 585160 sowie \u00fcber \u201ehttps:\/\/theater-altenburg-gera.de\/\u201d erreichbar.<\/p>\n\n\n\n<p>QUELLE: THEATER ALTENBURG GERA GGMBH<\/p>\n","protected":false},"excerpt":{"rendered":"<div class=\"mh-excerpt\"><p>Treffen sich zwei. Sagt der eine: \u201eMeine Frau braucht Raum f\u00fcr sich.\u201c Sagt der andere: \u201eKannst erstmal bei mir wohnen.\u201c Was wie ein Witz beginnt, wird f\u00fcr den anderen zum Albtraum. Denn kaum beim anderen <a class=\"mh-excerpt-more\" href=\"https:\/\/www.studiogera.de\/001\/2024\/05\/29\/kabarett-ensemble-herkuleskeule-zu-gast-im-geraer-theater\/\" title=\"KABARETT-ENSEMBLE \u201eHERKULESKEULE\u201c ZU GAST IM GERAER THEATER\">[&#8230;]<\/a><\/p>\n<\/div>","protected":false},"author":2,"featured_media":31599,"comment_status":"open","ping_status":"open","sticky":false,"template":"","format":"standard","meta":{"footnotes":""},"categories":[15],"tags":[],"class_list":{"0":"post-31598","1":"post","2":"type-post","3":"status-publish","4":"format-standard","5":"has-post-thumbnail","7":"category-theater"},"_links":{"self":[{"href":"https:\/\/www.studiogera.de\/001\/wp-json\/wp\/v2\/posts\/31598","targetHints":{"allow":["GET"]}}],"collection":[{"href":"https:\/\/www.studiogera.de\/001\/wp-json\/wp\/v2\/posts"}],"about":[{"href":"https:\/\/www.studiogera.de\/001\/wp-json\/wp\/v2\/types\/post"}],"author":[{"embeddable":true,"href":"https:\/\/www.studiogera.de\/001\/wp-json\/wp\/v2\/users\/2"}],"replies":[{"embeddable":true,"href":"https:\/\/www.studiogera.de\/001\/wp-json\/wp\/v2\/comments?post=31598"}],"version-history":[{"count":1,"href":"https:\/\/www.studiogera.de\/001\/wp-json\/wp\/v2\/posts\/31598\/revisions"}],"predecessor-version":[{"id":31600,"href":"https:\/\/www.studiogera.de\/001\/wp-json\/wp\/v2\/posts\/31598\/revisions\/31600"}],"wp:featuredmedia":[{"embeddable":true,"href":"https:\/\/www.studiogera.de\/001\/wp-json\/wp\/v2\/media\/31599"}],"wp:attachment":[{"href":"https:\/\/www.studiogera.de\/001\/wp-json\/wp\/v2\/media?parent=31598"}],"wp:term":[{"taxonomy":"category","embeddable":true,"href":"https:\/\/www.studiogera.de\/001\/wp-json\/wp\/v2\/categories?post=31598"},{"taxonomy":"post_tag","embeddable":true,"href":"https:\/\/www.studiogera.de\/001\/wp-json\/wp\/v2\/tags?post=31598"}],"curies":[{"name":"wp","href":"https:\/\/api.w.org\/{rel}","templated":true}]}}