{"id":31814,"date":"2024-06-11T11:03:50","date_gmt":"2024-06-11T09:03:50","guid":{"rendered":"https:\/\/www.studiogera.de\/001\/?p=31814"},"modified":"2024-06-11T11:03:51","modified_gmt":"2024-06-11T09:03:51","slug":"schlaegerei-in-der-weidenstrasse","status":"publish","type":"post","link":"https:\/\/www.studiogera.de\/001\/2024\/06\/11\/schlaegerei-in-der-weidenstrasse\/","title":{"rendered":"SCHL\u00c4GEREI IN DER WEIDENSTRASSE"},"content":{"rendered":"\n<p>Am Freitagnacht, den 7. Juni 2024, meldeten Zeugen gegen 22.45 Uhr via Notruf eine k\u00f6rperliche Auseinandersetzung in der Weidenstra\u00dfe. Hierbei schlugen zwei russische M\u00e4nner im Alter von 19 und 35 Jahren auf einen 38-j\u00e4hrigen russischen Staatsb\u00fcrger ein, wodurch dieser schwer im Gesicht verletzt wurde. Der Mann wurde in ein Krankenhaus verbracht und gegen die beiden T\u00e4ter wird nun wegen gef\u00e4hrlicher K\u00f6rperverletzung ermittelt. Zeugenhinweise zur Tat nimmt die Kriminalpolizei unter Angabe der Bezugsnummer 0147328\/2024 entgegen.<\/p>\n","protected":false},"excerpt":{"rendered":"<div class=\"mh-excerpt\"><p>Am Freitagnacht, den 7. Juni 2024, meldeten Zeugen gegen 22.45 Uhr via Notruf eine k\u00f6rperliche Auseinandersetzung in der Weidenstra\u00dfe. Hierbei schlugen zwei russische M\u00e4nner im Alter von 19 und 35 Jahren auf einen 38-j\u00e4hrigen russischen <a class=\"mh-excerpt-more\" href=\"https:\/\/www.studiogera.de\/001\/2024\/06\/11\/schlaegerei-in-der-weidenstrasse\/\" title=\"SCHL\u00c4GEREI IN DER WEIDENSTRASSE\">[&#8230;]<\/a><\/p>\n<\/div>","protected":false},"author":2,"featured_media":9351,"comment_status":"open","ping_status":"open","sticky":false,"template":"","format":"standard","meta":{"footnotes":""},"categories":[13],"tags":[],"class_list":{"0":"post-31814","1":"post","2":"type-post","3":"status-publish","4":"format-standard","5":"has-post-thumbnail","7":"category-polizeiberichte"},"_links":{"self":[{"href":"https:\/\/www.studiogera.de\/001\/wp-json\/wp\/v2\/posts\/31814","targetHints":{"allow":["GET"]}}],"collection":[{"href":"https:\/\/www.studiogera.de\/001\/wp-json\/wp\/v2\/posts"}],"about":[{"href":"https:\/\/www.studiogera.de\/001\/wp-json\/wp\/v2\/types\/post"}],"author":[{"embeddable":true,"href":"https:\/\/www.studiogera.de\/001\/wp-json\/wp\/v2\/users\/2"}],"replies":[{"embeddable":true,"href":"https:\/\/www.studiogera.de\/001\/wp-json\/wp\/v2\/comments?post=31814"}],"version-history":[{"count":1,"href":"https:\/\/www.studiogera.de\/001\/wp-json\/wp\/v2\/posts\/31814\/revisions"}],"predecessor-version":[{"id":31815,"href":"https:\/\/www.studiogera.de\/001\/wp-json\/wp\/v2\/posts\/31814\/revisions\/31815"}],"wp:featuredmedia":[{"embeddable":true,"href":"https:\/\/www.studiogera.de\/001\/wp-json\/wp\/v2\/media\/9351"}],"wp:attachment":[{"href":"https:\/\/www.studiogera.de\/001\/wp-json\/wp\/v2\/media?parent=31814"}],"wp:term":[{"taxonomy":"category","embeddable":true,"href":"https:\/\/www.studiogera.de\/001\/wp-json\/wp\/v2\/categories?post=31814"},{"taxonomy":"post_tag","embeddable":true,"href":"https:\/\/www.studiogera.de\/001\/wp-json\/wp\/v2\/tags?post=31814"}],"curies":[{"name":"wp","href":"https:\/\/api.w.org\/{rel}","templated":true}]}}