{"id":31908,"date":"2024-06-17T17:30:01","date_gmt":"2024-06-17T15:30:01","guid":{"rendered":"https:\/\/www.studiogera.de\/001\/?p=31908"},"modified":"2024-06-17T17:30:03","modified_gmt":"2024-06-17T15:30:03","slug":"gewalt-in-der-schleizer-strasse","status":"publish","type":"post","link":"https:\/\/www.studiogera.de\/001\/2024\/06\/17\/gewalt-in-der-schleizer-strasse\/","title":{"rendered":"GEWALT IN DER SCHLEIZER STRASSE"},"content":{"rendered":"\n<p>Die Meldung zu einer Auseinandersetzung mit mehreren Beteiligten lie\u00df am Freitagabend, den 14. Juni 2024, gegen 21.20 Uhr mehrere Polizeistreifen in die Schleizer Stra\u00dfe ausr\u00fccken. Vor Ort konnte ein 27 Jahre alter Mann angetroffen werden, welcher von bislang Unbekannten durch mehrere Tritte im Gesicht verletzt wurde. Ein Rettungswagen brachte ihn ins Krankenhaus. Hinweise zu den T\u00e4tern liegen nicht vor. Die Geraer Polizei ermittelt mit der Bezugsnummer 0154008\/2024 und nimmt Zeugenhinweise unter der Telefonnummer 0365 8290 entgegen.\u00a0<\/p>\n","protected":false},"excerpt":{"rendered":"<div class=\"mh-excerpt\"><p>Die Meldung zu einer Auseinandersetzung mit mehreren Beteiligten lie\u00df am Freitagabend, den 14. Juni 2024, gegen 21.20 Uhr mehrere Polizeistreifen in die Schleizer Stra\u00dfe ausr\u00fccken. Vor Ort konnte ein 27 Jahre alter Mann angetroffen werden, <a class=\"mh-excerpt-more\" href=\"https:\/\/www.studiogera.de\/001\/2024\/06\/17\/gewalt-in-der-schleizer-strasse\/\" title=\"GEWALT IN DER SCHLEIZER STRASSE\">[&#8230;]<\/a><\/p>\n<\/div>","protected":false},"author":3,"featured_media":9352,"comment_status":"open","ping_status":"open","sticky":false,"template":"","format":"standard","meta":{"footnotes":""},"categories":[13],"tags":[],"class_list":{"0":"post-31908","1":"post","2":"type-post","3":"status-publish","4":"format-standard","5":"has-post-thumbnail","7":"category-polizeiberichte"},"_links":{"self":[{"href":"https:\/\/www.studiogera.de\/001\/wp-json\/wp\/v2\/posts\/31908","targetHints":{"allow":["GET"]}}],"collection":[{"href":"https:\/\/www.studiogera.de\/001\/wp-json\/wp\/v2\/posts"}],"about":[{"href":"https:\/\/www.studiogera.de\/001\/wp-json\/wp\/v2\/types\/post"}],"author":[{"embeddable":true,"href":"https:\/\/www.studiogera.de\/001\/wp-json\/wp\/v2\/users\/3"}],"replies":[{"embeddable":true,"href":"https:\/\/www.studiogera.de\/001\/wp-json\/wp\/v2\/comments?post=31908"}],"version-history":[{"count":1,"href":"https:\/\/www.studiogera.de\/001\/wp-json\/wp\/v2\/posts\/31908\/revisions"}],"predecessor-version":[{"id":31909,"href":"https:\/\/www.studiogera.de\/001\/wp-json\/wp\/v2\/posts\/31908\/revisions\/31909"}],"wp:featuredmedia":[{"embeddable":true,"href":"https:\/\/www.studiogera.de\/001\/wp-json\/wp\/v2\/media\/9352"}],"wp:attachment":[{"href":"https:\/\/www.studiogera.de\/001\/wp-json\/wp\/v2\/media?parent=31908"}],"wp:term":[{"taxonomy":"category","embeddable":true,"href":"https:\/\/www.studiogera.de\/001\/wp-json\/wp\/v2\/categories?post=31908"},{"taxonomy":"post_tag","embeddable":true,"href":"https:\/\/www.studiogera.de\/001\/wp-json\/wp\/v2\/tags?post=31908"}],"curies":[{"name":"wp","href":"https:\/\/api.w.org\/{rel}","templated":true}]}}