{"id":32225,"date":"2024-07-08T08:35:31","date_gmt":"2024-07-08T06:35:31","guid":{"rendered":"https:\/\/www.studiogera.de\/001\/?p=32225"},"modified":"2024-07-08T08:35:32","modified_gmt":"2024-07-08T06:35:32","slug":"schliesszeiten-beim-service-generationen","status":"publish","type":"post","link":"https:\/\/www.studiogera.de\/001\/2024\/07\/08\/schliesszeiten-beim-service-generationen\/","title":{"rendered":"SCHLIESSZEITEN BEIM SERVICE GENERATIONEN"},"content":{"rendered":"\n<p>Der Service Generationen bleibt in der Zeit vom 15. bis 31. Juli 2024 geschlossen. Bis zum 11. Juli 2024 k\u00f6nnen noch Fragen und Anliegen beantwortet werden.<p style=\"font-family: sans-serif;font-size: medium\"><\/p><p style=\"font-family: sans-serif;font-size: medium\"><\/p>Ab Donnerstag, den 1. August 2024, ist der Service Generationen wieder jeden Montag und Donnerstag von 8 Uhr bis 13 Uhr sowie dienstags von 13 Uhr bis 18 Uhr ge\u00f6ffnet. Auch telefonisch ist die Anlaufstelle in der Heinrichstra\u00dfe 43 dann wieder t\u00e4glich unter der Telefonnummer 0365 8383060 zu erreichen.<p style=\"font-family: sans-serif;font-size: medium\"><\/p><p style=\"font-family: sans-serif;font-size: medium\"><\/p><p class=\"MsoNormal\" style=\"margin: 0cm 0cm 0.0001pt;font-size: 11pt;font-family: Calibri, sans-serif\"><\/p>\u00a0<\/p>\n","protected":false},"excerpt":{"rendered":"<div class=\"mh-excerpt\"><p>Der Service Generationen bleibt in der Zeit vom 15. bis 31. Juli 2024 geschlossen. Bis zum 11. Juli 2024 k\u00f6nnen noch Fragen und Anliegen beantwortet werden. Ab Donnerstag, den 1. August 2024, ist der Service <a class=\"mh-excerpt-more\" href=\"https:\/\/www.studiogera.de\/001\/2024\/07\/08\/schliesszeiten-beim-service-generationen\/\" title=\"SCHLIESSZEITEN BEIM SERVICE GENERATIONEN\">[&#8230;]<\/a><\/p>\n<\/div>","protected":false},"author":3,"featured_media":26800,"comment_status":"open","ping_status":"open","sticky":false,"template":"","format":"standard","meta":{"footnotes":""},"categories":[16],"tags":[],"class_list":{"0":"post-32225","1":"post","2":"type-post","3":"status-publish","4":"format-standard","5":"has-post-thumbnail","7":"category-kurzmitteilungen"},"_links":{"self":[{"href":"https:\/\/www.studiogera.de\/001\/wp-json\/wp\/v2\/posts\/32225","targetHints":{"allow":["GET"]}}],"collection":[{"href":"https:\/\/www.studiogera.de\/001\/wp-json\/wp\/v2\/posts"}],"about":[{"href":"https:\/\/www.studiogera.de\/001\/wp-json\/wp\/v2\/types\/post"}],"author":[{"embeddable":true,"href":"https:\/\/www.studiogera.de\/001\/wp-json\/wp\/v2\/users\/3"}],"replies":[{"embeddable":true,"href":"https:\/\/www.studiogera.de\/001\/wp-json\/wp\/v2\/comments?post=32225"}],"version-history":[{"count":1,"href":"https:\/\/www.studiogera.de\/001\/wp-json\/wp\/v2\/posts\/32225\/revisions"}],"predecessor-version":[{"id":32226,"href":"https:\/\/www.studiogera.de\/001\/wp-json\/wp\/v2\/posts\/32225\/revisions\/32226"}],"wp:featuredmedia":[{"embeddable":true,"href":"https:\/\/www.studiogera.de\/001\/wp-json\/wp\/v2\/media\/26800"}],"wp:attachment":[{"href":"https:\/\/www.studiogera.de\/001\/wp-json\/wp\/v2\/media?parent=32225"}],"wp:term":[{"taxonomy":"category","embeddable":true,"href":"https:\/\/www.studiogera.de\/001\/wp-json\/wp\/v2\/categories?post=32225"},{"taxonomy":"post_tag","embeddable":true,"href":"https:\/\/www.studiogera.de\/001\/wp-json\/wp\/v2\/tags?post=32225"}],"curies":[{"name":"wp","href":"https:\/\/api.w.org\/{rel}","templated":true}]}}