{"id":32404,"date":"2024-07-23T12:30:52","date_gmt":"2024-07-23T10:30:52","guid":{"rendered":"https:\/\/www.studiogera.de\/001\/?p=32404"},"modified":"2024-08-02T22:44:00","modified_gmt":"2024-08-02T20:44:00","slug":"brisanten-datensatz-veroeffentlicht","status":"publish","type":"post","link":"https:\/\/www.studiogera.de\/001\/2024\/07\/23\/brisanten-datensatz-veroeffentlicht\/","title":{"rendered":"BRISANTEN DATENSATZ VER\u00d6FFENTLICHT"},"content":{"rendered":"\n<p>In der vergangenen Nacht wurden die bislang unter Verschluss gehaltenen und dann teilweise geschw\u00e4rzt ver\u00f6ffentlichten RKI-Protokolle in einer ungeschw\u00e4rzten Version ins Internet gestellt. Ein ehemaliger RKI-Mitarbeiter soll die Daten einer freien Journalistin \u00fcbermittelt haben, wie berichtet wird.<\/p>\n\n\n\n<p>Den Eintr\u00e4gen ist zu entnehmen, dass es keine sogenannte Pandemie der Ungeimpften gab. Die Formulierung, welche unter anderem der damalige Bundesgesundheitsminister Jens Spahn am 9. September 2021 verwendet hatte, war \u201eaus fachlicher Sicht nicht korrekt\u201d, so der Protokollvermerk vom 5. November 2021. Der damalige Kanzleramtsminister Helge Braun sprach am 30. Juni 2021 im Morgenmagazin von ARD und ZDF sogar von einer sterilen Immunit\u00e4t, welche die Impfstoffe erwirken. Dadurch seien auch andere vor Ansteckungen gesch\u00fctzt.<\/p>\n\n\n\n<p>Von Seiten der Politik und Medien wurden Menschen, die die Injektionen ablehnten, dennoch zu Pandemietreibern erkl\u00e4rt, was anschlie\u00dfend teilweise in Hetze ausartete. Viele Journalisten haben ihren Anteil daran. So ver\u00f6ffentlichte etwa \u201eDie Zeit\u201d am 23. Juli 2021 einen Artikel mit der \u00dcberschrift \u201eCorona-Impfung: Eine Diskriminierung von Ungeimpften ist ethisch gerechtfertigt\u201d.<\/p>\n\n\n\n<p>Mit der Ver\u00f6ffentlichung ist auch der bislang geschw\u00e4rzte Name jener Person bekannt, welche die Risikobewertung auf &#8222;hoch&#8220; ge\u00e4ndert hatte. Es ist der damalige RKI-Vizepr\u00e4sident Lars Schaade.<\/p>\n\n\n\n<p>Die Protokolle verst\u00e4rken den Verdacht, dass die Ma\u00dfnahmen w\u00e4hrend der Corona-Zeit ausschlie\u00dflich dazu dienten, geeignete Bedingungen f\u00fcr die Impfkampagne zu schaffen.<\/p>\n","protected":false},"excerpt":{"rendered":"<div class=\"mh-excerpt\"><p>In der vergangenen Nacht wurden die bislang unter Verschluss gehaltenen und dann teilweise geschw\u00e4rzt ver\u00f6ffentlichten RKI-Protokolle in einer ungeschw\u00e4rzten Version ins Internet gestellt. Ein ehemaliger RKI-Mitarbeiter soll die Daten einer freien Journalistin \u00fcbermittelt haben, wie <a class=\"mh-excerpt-more\" href=\"https:\/\/www.studiogera.de\/001\/2024\/07\/23\/brisanten-datensatz-veroeffentlicht\/\" title=\"BRISANTEN DATENSATZ VER\u00d6FFENTLICHT\">[&#8230;]<\/a><\/p>\n<\/div>","protected":false},"author":2,"featured_media":30836,"comment_status":"open","ping_status":"open","sticky":false,"template":"","format":"standard","meta":{"footnotes":""},"categories":[1],"tags":[],"class_list":{"0":"post-32404","1":"post","2":"type-post","3":"status-publish","4":"format-standard","5":"has-post-thumbnail","7":"category-vermischtes"},"_links":{"self":[{"href":"https:\/\/www.studiogera.de\/001\/wp-json\/wp\/v2\/posts\/32404","targetHints":{"allow":["GET"]}}],"collection":[{"href":"https:\/\/www.studiogera.de\/001\/wp-json\/wp\/v2\/posts"}],"about":[{"href":"https:\/\/www.studiogera.de\/001\/wp-json\/wp\/v2\/types\/post"}],"author":[{"embeddable":true,"href":"https:\/\/www.studiogera.de\/001\/wp-json\/wp\/v2\/users\/2"}],"replies":[{"embeddable":true,"href":"https:\/\/www.studiogera.de\/001\/wp-json\/wp\/v2\/comments?post=32404"}],"version-history":[{"count":4,"href":"https:\/\/www.studiogera.de\/001\/wp-json\/wp\/v2\/posts\/32404\/revisions"}],"predecessor-version":[{"id":32556,"href":"https:\/\/www.studiogera.de\/001\/wp-json\/wp\/v2\/posts\/32404\/revisions\/32556"}],"wp:featuredmedia":[{"embeddable":true,"href":"https:\/\/www.studiogera.de\/001\/wp-json\/wp\/v2\/media\/30836"}],"wp:attachment":[{"href":"https:\/\/www.studiogera.de\/001\/wp-json\/wp\/v2\/media?parent=32404"}],"wp:term":[{"taxonomy":"category","embeddable":true,"href":"https:\/\/www.studiogera.de\/001\/wp-json\/wp\/v2\/categories?post=32404"},{"taxonomy":"post_tag","embeddable":true,"href":"https:\/\/www.studiogera.de\/001\/wp-json\/wp\/v2\/tags?post=32404"}],"curies":[{"name":"wp","href":"https:\/\/api.w.org\/{rel}","templated":true}]}}