{"id":32406,"date":"2024-07-23T12:45:05","date_gmt":"2024-07-23T10:45:05","guid":{"rendered":"https:\/\/www.studiogera.de\/001\/?p=32406"},"modified":"2024-07-23T12:45:07","modified_gmt":"2024-07-23T10:45:07","slug":"netzwerk-gegen-haeusliche-gewalt-beschliesst-strategie","status":"publish","type":"post","link":"https:\/\/www.studiogera.de\/001\/2024\/07\/23\/netzwerk-gegen-haeusliche-gewalt-beschliesst-strategie\/","title":{"rendered":"NETZWERK GEGEN H\u00c4USLICHE GEWALT BESCHLIESST STRATEGIE"},"content":{"rendered":"\n<p>Im Geraer Rathaus traf k\u00fcrzlich das Netzwerk gegen h\u00e4usliche Gewalt zusammen. Die drastische Nachricht f\u00fcr alle: Einige Beratungsstellen registrierten an F\u00e4llen von h\u00e4uslicher Gewalt bereits jetzt im Halbjahr die Fallzahlen, die 2023 im Gesamtjahr erreicht wurden. Umso mehr Bedeutung kommt aus Netzwerksicht dem zu, woran die Mitglieder seit \u00fcber einem Jahr arbeiteten: an einer Netzwerkstrategie f\u00fcr die Kontinuit\u00e4t und weiter verbesserten Beratung, Vorbeugung und Hilfe bei h\u00e4uslicher Gewalt in Gera. Daf\u00fcr verabschiedete das Netzwerk jetzt eine Arbeitsstrategie. Nach dieser wollen sich die Mitglieder bis 2028 noch besser vernetzen, fallkonkret zu bestm\u00f6glichen Hilfen abstimmen, noch mehr aufkl\u00e4ren, informieren und Gewalt enttabuisieren. Gelingen soll dies unter anderem mit einer neuen Minibrosch\u00fcre und Brosch\u00fcren in verschiedenen Sprachen zu Gewalt-Schutz-Themen und zur Rechtslage sowie mit Seminaren und Veranstaltungen zu h\u00e4uslicher Gewalt, Diskriminierung und Cybermobbing. Zudem unterst\u00fctzt das Netzwerk die Gewaltschutzplattform \u201ewww.handle-jetzt.de\u201c, ein k\u00fcnftiges Expertengremium und die Planung der lokalen Datenerhebung sowie die Sicherung des Frauenhauses als wichtige Schutzeinrichtung f\u00fcr Gewaltopfer. Damit engagiert sich das Netzwerk auch f\u00fcr mehrere vom Geraer Stadtrat beschlossene Ma\u00dfnahmen im Sozialplan zur lokalen Umsetzung der Istanbul-Konvention, dem \u00dcbereinkommen des Europarats zur Verh\u00fctung und Bek\u00e4mpfung von Gewalt gegen Frauen und h\u00e4uslicher Gewalt.<\/p>\n\n\n\n<blockquote class=\"wp-block-quote is-layout-flow wp-block-quote-is-layout-flow\">\n<p>\u201eDas ist ein echter Gewinn f\u00fcr die Gewaltschutzarbeit\u201c, bewertet Sandra Wanzar, Dezernentin f\u00fcr Jugend und Soziales, diese Verkn\u00fcpfung. \u201eDie Vernetzung und Kooperation von Verwaltung und Netzwerkmitgliedern f\u00fchrt zu h\u00f6herer Wirksamkeit der Ma\u00dfnahmen. So stehen diese auf einem stabilen Fundament und sind fest verankert in der kommunalen Sozialpolitik.\u201c<\/p>\n<\/blockquote>\n\n\n\n<p>Auch f\u00fcr Geras Gleichstellungsbeauftragte Catrin Heinrich ist die k\u00fcnftige Arbeit des Geraer Netzwerkes von hohem Wert, unter anderem wegen des unkomplizierten Zugangs f\u00fcr Hilfesuchende:<\/p>\n\n\n\n<blockquote class=\"wp-block-quote is-layout-flow wp-block-quote-is-layout-flow\">\n<p>\u201eWer Hilfe sucht, kann alle Netzwerkmitglieder ansprechen, die dann an die passende Stelle vermitteln. Das hilft gerade bei Zweifeln, ob man sich \u00fcberhaupt jemandem anvertraut. Mit dem Netzwerk gibt es eine leichter zu \u00fcberquerende Br\u00fccke, hin zu kostenfreier, vertraulicher und bei Bedarf anonymer Beratung.\u201c<\/p>\n<\/blockquote>\n\n\n\n<p>Speziell zu den im Netzwerk in diesem Jahr neu aufgelegten Brosch\u00fcren in mehreren Sprachen freut sich Kathrin Engel, Interventionsstelle GeSa:<\/p>\n\n\n\n<blockquote class=\"wp-block-quote is-layout-flow wp-block-quote-is-layout-flow\">\n<p>\u201eBesonders, wenn nun die neuen Angebotsflyer breit gestreut und auch genutzt werden. Damit senden wir ein Signal. Denn die Abwehr und Verhinderung von h\u00e4uslicher Gewalt ist eine Gemeinschaftsaufgabe.\u201c<\/p>\n<\/blockquote>\n\n\n\n<p>H\u00e4usliche Gewalt hat viele Facetten. Sie beginnt bei toxischen Verhaltensmustern, betrifft psychische, physische, \u00f6konomische und zunehmend digitalisierte Gewalt und tangiert sowohl Frauen als auch M\u00e4nner sowie Kinder. Das Netzwerk gegen h\u00e4usliche Gewalt besteht aus \u00fcber 20 Einrichtungen, Institutionen und Vereinen, die sich freiwillig zusammengeschlossen haben und Gewaltschutzarbeit in Gera gemeinsam verbessern wollen. Es ber\u00e4t j\u00e4hrlich \u00fcber 500 Betroffene, Opfer genauso wie T\u00e4ter und T\u00e4terinnen. Weiterf\u00fchrende Informationen und eine \u00dcbersicht \u00fcber die Netzwerkmitglieder in Gera und weiterer Hilfen in ganz Th\u00fcringen sind zu finden unter \u201ewww.handle-jetzt.de\u201c.<\/p>\n\n\n\n<p>QUELLE: STADTVERWALTUNG<\/p>\n","protected":false},"excerpt":{"rendered":"<div class=\"mh-excerpt\"><p>Im Geraer Rathaus traf k\u00fcrzlich das Netzwerk gegen h\u00e4usliche Gewalt zusammen. Die drastische Nachricht f\u00fcr alle: Einige Beratungsstellen registrierten an F\u00e4llen von h\u00e4uslicher Gewalt bereits jetzt im Halbjahr die Fallzahlen, die 2023 im Gesamtjahr erreicht <a class=\"mh-excerpt-more\" href=\"https:\/\/www.studiogera.de\/001\/2024\/07\/23\/netzwerk-gegen-haeusliche-gewalt-beschliesst-strategie\/\" title=\"NETZWERK GEGEN H\u00c4USLICHE GEWALT BESCHLIESST STRATEGIE\">[&#8230;]<\/a><\/p>\n<\/div>","protected":false},"author":2,"featured_media":32407,"comment_status":"open","ping_status":"open","sticky":false,"template":"","format":"standard","meta":{"footnotes":""},"categories":[6],"tags":[],"class_list":{"0":"post-32406","1":"post","2":"type-post","3":"status-publish","4":"format-standard","5":"has-post-thumbnail","7":"category-gesellschaft"},"_links":{"self":[{"href":"https:\/\/www.studiogera.de\/001\/wp-json\/wp\/v2\/posts\/32406","targetHints":{"allow":["GET"]}}],"collection":[{"href":"https:\/\/www.studiogera.de\/001\/wp-json\/wp\/v2\/posts"}],"about":[{"href":"https:\/\/www.studiogera.de\/001\/wp-json\/wp\/v2\/types\/post"}],"author":[{"embeddable":true,"href":"https:\/\/www.studiogera.de\/001\/wp-json\/wp\/v2\/users\/2"}],"replies":[{"embeddable":true,"href":"https:\/\/www.studiogera.de\/001\/wp-json\/wp\/v2\/comments?post=32406"}],"version-history":[{"count":1,"href":"https:\/\/www.studiogera.de\/001\/wp-json\/wp\/v2\/posts\/32406\/revisions"}],"predecessor-version":[{"id":32408,"href":"https:\/\/www.studiogera.de\/001\/wp-json\/wp\/v2\/posts\/32406\/revisions\/32408"}],"wp:featuredmedia":[{"embeddable":true,"href":"https:\/\/www.studiogera.de\/001\/wp-json\/wp\/v2\/media\/32407"}],"wp:attachment":[{"href":"https:\/\/www.studiogera.de\/001\/wp-json\/wp\/v2\/media?parent=32406"}],"wp:term":[{"taxonomy":"category","embeddable":true,"href":"https:\/\/www.studiogera.de\/001\/wp-json\/wp\/v2\/categories?post=32406"},{"taxonomy":"post_tag","embeddable":true,"href":"https:\/\/www.studiogera.de\/001\/wp-json\/wp\/v2\/tags?post=32406"}],"curies":[{"name":"wp","href":"https:\/\/api.w.org\/{rel}","templated":true}]}}