{"id":32409,"date":"2024-07-23T13:14:41","date_gmt":"2024-07-23T11:14:41","guid":{"rendered":"https:\/\/www.studiogera.de\/001\/?p=32409"},"modified":"2024-07-23T13:14:43","modified_gmt":"2024-07-23T11:14:43","slug":"nationale-kinderchancen-koordinatorin-zu-besuch-in-gera","status":"publish","type":"post","link":"https:\/\/www.studiogera.de\/001\/2024\/07\/23\/nationale-kinderchancen-koordinatorin-zu-besuch-in-gera\/","title":{"rendered":"NATIONALE KINDERCHANCEN-KOORDINATORIN ZU BESUCH IN GERA"},"content":{"rendered":"\n<p>Am dritten Tag ihrer Kinderchancen-Tour war die Nationale Kinderchancen-Koordinatorin und Parlamentarische Staatssekret\u00e4rin im Bundesfamilienministerium, Ekin Delig\u00f6z, zu Gast in Gera beim Otegau Arbeitsf\u00f6rder- und Berufsbildungszentrum GmbH. Gemeinsam mit Elisabeth Kaiser, Parlamentarische Staatssekret\u00e4rin im Bundesministerium f\u00fcr Wohnen, Stadtentwicklung und Bauwesen, und Sandra Wanzar, Dezernentin f\u00fcr Jugend und Soziales der Stadt Gera, besichtigte Delig\u00f6z die Werkstatt und R\u00e4ume des Projektes \u201eJugendliche unterst\u00fctzen, Kompetenzen ausbauen\u201c (\u201eJuKa\u201c) bei der Otegau. Dort informierte sie sich \u00fcber die vielf\u00e4ltigen Angebote und er\u00f6rterte mit jungen Erwachsenen und Fachkr\u00e4ften die derzeitigen Herausforderungen f\u00fcr den Einstieg ins Berufsleben. Au\u00dferdem gewann Delig\u00f6z Einblicke in die Arbeit des Jugendhaus Gera.<\/p>\n\n\n\n<p>Die Nationale Kinderchancen-Koordinatorin und Parlamentarische Staatssekret\u00e4rin, Ekin Delig\u00f6z:<\/p>\n\n\n\n<blockquote class=\"wp-block-quote is-layout-flow wp-block-quote-is-layout-flow\">\n<p>\u201eJugendliche und junge Erwachsene, die bisher keinen Abschluss einer allgemeinbildenden oder berufsbildenden Schule erreichen konnten, sind hier in Gera sehr gut aufgehoben. Eine praxisnahe Ausbildung ebnet Jugendlichen den Einstieg auf dem Arbeitsmarkt. Wir m\u00fcssen allen die bestm\u00f6gliche Grundlage f\u00fcr einen guten Start ins Berufsleben erm\u00f6glichen. Die Otegau GmbH und das Jugendhaus Gera sind hierf\u00fcr gute Beispiele, denn sie ebnen jungen Menschen den Weg in ein eigenst\u00e4ndiges Leben. Die pers\u00f6nlichen Geschichten der jungen Menschen haben mich inspiriert und best\u00e4rken mich, bei den gemeinsamen Anstrengungen von Bund, L\u00e4ndern, Kommune und Zivilgesellschaft nicht nachzulassen, um Kinder und Jugendliche auf ihrem Weg zu unterst\u00fctzen.\u201c<\/p>\n<\/blockquote>\n\n\n\n<p><strong>\u00dcber die Otegau GmbH und das Jugendhaus Gera<\/strong><br>Die Otegau Arbeitsf\u00f6rder- und Berufsbildungszentrum GmbH Ostth\u00fcringen\/Gera ist ein arbeitsmarktpolitisches Dienstleistungsunternehmen. Sie kooperiert erfolgreich mit zahlreichen Partnern der Ostth\u00fcringer Wirtschaft, mit der IHK, der Handwerks- und der Landwirtschaftskammer.<\/p>\n\n\n\n<p>Gemeinsam mit der Agentur f\u00fcr Arbeit AltenburgGera und dem Jobcenter Gera schafft die Otegau optimale Integrationsm\u00f6glichkeiten f\u00fcr Arbeitssuchende aller Altersgruppen. Das Jugendhaus Gera ist eine Anlaufstelle speziell f\u00fcr Menschen bis zum Alter von 27 Jahren, die vor der Herausforderung stehen, den f\u00fcr sich geeigneten beruflichen Weg zu finden. Im Jugendhaus werden die Angebote der Agentur f\u00fcr Arbeit Th\u00fcringen Ost, des Jobcenters Gera sowie einer Beratungsstelle des Jugendamtes geb\u00fcndelt. Das erspart den Jugendlichen und jungen Erwachsenen lange Wege und f\u00f6rdert die Abstimmungsprozesse der beteiligten Einrichtungen. \u00dcber den Nationalen Aktionsplan \u201eNeue Chancen f\u00fcr Kinder in Deutschland\u201c.<\/p>\n\n\n\n<p>Der am 5. Juli 2023 vom Bundeskabinett beschlossene Nationale Aktionsplan soll benachteiligten Kindern und Jugendlichen bessere Zug\u00e4nge zu Betreuung, Bildung, Gesundheit, Ern\u00e4hrung und angemessenem Wohnraum erm\u00f6glichen. Im Fokus stehen dabei die Koordinierung aller verantwortlichen Ebenen, die Kooperation mit der Zivilgesellschaft und die Beteiligung von Kindern und Jugendlichen. Zug\u00e4nge zu sozialer Infrastruktur ebnen den Weg f\u00fcr ein chancengerechtes Aufwachsen aller Kinder und Jugendlichen. Ein Schwerpunkt der Umsetzung des Nationalen Aktionsplans ist daher die kommunale Armutspr\u00e4vention. Denn gerade Kommunen leisten als Orte der sozialen Daseinsvorsorge einen wertvollen Beitrag f\u00fcr die Chancengleichheit und Teilhabe vor Ort. Im Nationalen Aktionsplan wird die kommunale Armutspr\u00e4vention als nationale Aufgabe verstanden: Der Aktionsplan st\u00e4rkt das gemeinsame Handeln von Bund, L\u00e4ndern und Kommunen, um Kindern und Jugendlichen ein sorgenfreies und chancengerechtes Aufwachsen zu erm\u00f6glichen.<\/p>\n\n\n\n<p>QUELLE: BUNDESMINISTERIUM F\u00dcR FAMILIE, SENIOREN, FRAUEN UND JUGEND<\/p>\n","protected":false},"excerpt":{"rendered":"<div class=\"mh-excerpt\"><p>Am dritten Tag ihrer Kinderchancen-Tour war die Nationale Kinderchancen-Koordinatorin und Parlamentarische Staatssekret\u00e4rin im Bundesfamilienministerium, Ekin Delig\u00f6z, zu Gast in Gera beim Otegau Arbeitsf\u00f6rder- und Berufsbildungszentrum GmbH. Gemeinsam mit Elisabeth Kaiser, Parlamentarische Staatssekret\u00e4rin im Bundesministerium f\u00fcr <a class=\"mh-excerpt-more\" href=\"https:\/\/www.studiogera.de\/001\/2024\/07\/23\/nationale-kinderchancen-koordinatorin-zu-besuch-in-gera\/\" title=\"NATIONALE KINDERCHANCEN-KOORDINATORIN ZU BESUCH IN GERA\">[&#8230;]<\/a><\/p>\n<\/div>","protected":false},"author":2,"featured_media":32410,"comment_status":"open","ping_status":"open","sticky":false,"template":"","format":"standard","meta":{"footnotes":""},"categories":[3],"tags":[],"class_list":{"0":"post-32409","1":"post","2":"type-post","3":"status-publish","4":"format-standard","5":"has-post-thumbnail","7":"category-lokal"},"_links":{"self":[{"href":"https:\/\/www.studiogera.de\/001\/wp-json\/wp\/v2\/posts\/32409","targetHints":{"allow":["GET"]}}],"collection":[{"href":"https:\/\/www.studiogera.de\/001\/wp-json\/wp\/v2\/posts"}],"about":[{"href":"https:\/\/www.studiogera.de\/001\/wp-json\/wp\/v2\/types\/post"}],"author":[{"embeddable":true,"href":"https:\/\/www.studiogera.de\/001\/wp-json\/wp\/v2\/users\/2"}],"replies":[{"embeddable":true,"href":"https:\/\/www.studiogera.de\/001\/wp-json\/wp\/v2\/comments?post=32409"}],"version-history":[{"count":1,"href":"https:\/\/www.studiogera.de\/001\/wp-json\/wp\/v2\/posts\/32409\/revisions"}],"predecessor-version":[{"id":32411,"href":"https:\/\/www.studiogera.de\/001\/wp-json\/wp\/v2\/posts\/32409\/revisions\/32411"}],"wp:featuredmedia":[{"embeddable":true,"href":"https:\/\/www.studiogera.de\/001\/wp-json\/wp\/v2\/media\/32410"}],"wp:attachment":[{"href":"https:\/\/www.studiogera.de\/001\/wp-json\/wp\/v2\/media?parent=32409"}],"wp:term":[{"taxonomy":"category","embeddable":true,"href":"https:\/\/www.studiogera.de\/001\/wp-json\/wp\/v2\/categories?post=32409"},{"taxonomy":"post_tag","embeddable":true,"href":"https:\/\/www.studiogera.de\/001\/wp-json\/wp\/v2\/tags?post=32409"}],"curies":[{"name":"wp","href":"https:\/\/api.w.org\/{rel}","templated":true}]}}