{"id":33284,"date":"2024-09-10T22:34:24","date_gmt":"2024-09-10T20:34:24","guid":{"rendered":"https:\/\/www.studiogera.de\/001\/?p=33284"},"modified":"2024-09-10T22:34:24","modified_gmt":"2024-09-10T20:34:24","slug":"stadt-gera-beteiligt-sich-am-bundesweiten-warntag","status":"publish","type":"post","link":"https:\/\/www.studiogera.de\/001\/2024\/09\/10\/stadt-gera-beteiligt-sich-am-bundesweiten-warntag\/","title":{"rendered":"STADT GERA BETEILIGT SICH AM BUNDESWEITEN WARNTAG"},"content":{"rendered":"\n<p>Am Donnerstag, den 12. September 2024, findet der Bundesweite Warntag statt, an dem zum vierten Mal s\u00e4mtliche Warnsysteme in Deutschland getestet werden. Auch die Stadt Gera beteiligt sich an dieser Initiative, um B\u00fcrgerinnen und B\u00fcrger \u00fcber die vorhandenen Warnsysteme zu informieren und sie f\u00fcr das Thema Krisen- und Katastrophenschutz zu sensibilisieren. Zus\u00e4tzlich soll die Funktionsf\u00e4higkeit der Geraer Warnsysteme erprobt werden.<\/p>\n\n\n\n<p>Gegen 11 Uhr wird dabei eine Probewarnung \u00fcber das Modulare Warnsystem des Bundes (MoWaS) ausgel\u00f6st. Anschlie\u00dfend werden lokale Warnmittel eingesetzt und Mitteilungen \u00fcber Warn-Apps wie NINA und per Mobilfunkdienst Cell Broadcast versendet sowie \u00fcber teilnehmende Rundfunksender ausgestrahlt. In Gera beteiligt sich erstmalig auch die Geraer Verkehrs- und Betriebsgesellschaft (GVB). So werden Informationen zur Probewarnung sowohl optisch als auch akustisch an den Anzeigen der Fahrgastinformationen im Stadtgebiet wiedergegeben. Eine Warnung der Bev\u00f6lkerung \u00fcber elektronische Sirenen wie in anderen Kommunen und Landkreisen ist derzeit in Gera noch nicht m\u00f6glich. Der Ausbau hierf\u00fcr ist jedoch in vollem Gange: In den n\u00e4chsten Monaten werden die ersten Warneinrichtungen f\u00fcr die Ortsteile Aga und Liebschwitz beschafft. Unterdessen informiert die Feuerwehr Gera weiterhin \u00fcber ihre Social-Media-Profile, so auch zum Bundesweiten Warntag.<\/p>\n\n\n\n<p>G\u00f6ran Kugel, Feuerwehrbeamter f\u00fcr Brandschutzerziehung und \u00d6ffentlichkeitsarbeit, betont:<\/p>\n\n\n\n<blockquote class=\"wp-block-quote is-layout-flow wp-block-quote-is-layout-flow\">\n<p>\u201eDer Bundesweite Warntag ist eine wichtige Plattform, um das Bewusstsein f\u00fcr den Katastrophenschutz zu sch\u00e4rfen. Wir m\u00f6chten die Geraerinnen und Geraer ermutigen, sich aktiv mit dem Thema auseinanderzusetzen und sich \u00fcber Warnsignale und Notfallpl\u00e4ne zu informieren. Nur so k\u00f6nnen wir gemeinsam sicherstellen, dass wir im Ernstfall gut vorbereitet sind.\u201c<\/p>\n<\/blockquote>\n\n\n\n<p>\u00dcber eine Online-Umfrage des Bundesamts f\u00fcr Bev\u00f6lkerungsschutz und Katastrophenhilfe k\u00f6nnen B\u00fcrgerinnen und B\u00fcrger ihre Erfahrungen hinsichtlich der verschiedenen Warnkan\u00e4le teilen. Die Umfrage beginnt am 12. September um 11 Uhr und l\u00e4uft bis zum 19. September 2024. Eine Teilnahme ist unter \u201ehttps:\/\/www.warntag-umfrage.de\/\u201c m\u00f6glich.<\/p>\n\n\n\n<p>Der Bundesweite Warntag wird j\u00e4hrlich an jedem zweiten Donnerstag im September durchgef\u00fchrt. Zust\u00e4ndig sind auf Bundesebene das Bundesamt f\u00fcr Bev\u00f6lkerungsschutz und Katastrophenhilfe, auf der Ebene der L\u00e4nder die jeweiligen Innenministerien und auf kommunaler Ebene in der Regel die f\u00fcr den Katastrophenschutz zust\u00e4ndigen Beh\u00f6rden. In Gera ist dies das Amt f\u00fcr Brand- und Katastrophenschutz der Stadtverwaltung.<\/p>\n\n\n\n<p>Die Stadt Gera bittet alle B\u00fcrgerinnen und B\u00fcrger sich an diesem Aktionstag zu beteiligen, um etwaige Schwachstellen aufdecken zu k\u00f6nnen. Weitere Informationen zum Warntag finden Interessierte unter folgender Adresse:<\/p>\n\n\n\n<p><a href=\"https:\/\/www.bbk.bund.de\/DE\/Warnung-Vorsorge\/Bundesweiter-Warntag\/bundesweiter-warntag_node.html\">https:\/\/www.bbk.bund.de\/DE\/Warnung-Vorsorge\/Bundesweiter-Warntag\/bundesweiter-warntag_node.html<\/a><\/p>\n\n\n\n<p>QUELLE: STADTVERWALTUNG<\/p>\n","protected":false},"excerpt":{"rendered":"<div class=\"mh-excerpt\"><p>Am Donnerstag, den 12. September 2024, findet der Bundesweite Warntag statt, an dem zum vierten Mal s\u00e4mtliche Warnsysteme in Deutschland getestet werden. Auch die Stadt Gera beteiligt sich an dieser Initiative, um B\u00fcrgerinnen und B\u00fcrger <a class=\"mh-excerpt-more\" href=\"https:\/\/www.studiogera.de\/001\/2024\/09\/10\/stadt-gera-beteiligt-sich-am-bundesweiten-warntag\/\" title=\"STADT GERA BETEILIGT SICH AM BUNDESWEITEN WARNTAG\">[&#8230;]<\/a><\/p>\n<\/div>","protected":false},"author":2,"featured_media":19004,"comment_status":"open","ping_status":"open","sticky":false,"template":"","format":"standard","meta":{"footnotes":""},"categories":[3],"tags":[],"class_list":{"0":"post-33284","1":"post","2":"type-post","3":"status-publish","4":"format-standard","5":"has-post-thumbnail","7":"category-lokal"},"_links":{"self":[{"href":"https:\/\/www.studiogera.de\/001\/wp-json\/wp\/v2\/posts\/33284","targetHints":{"allow":["GET"]}}],"collection":[{"href":"https:\/\/www.studiogera.de\/001\/wp-json\/wp\/v2\/posts"}],"about":[{"href":"https:\/\/www.studiogera.de\/001\/wp-json\/wp\/v2\/types\/post"}],"author":[{"embeddable":true,"href":"https:\/\/www.studiogera.de\/001\/wp-json\/wp\/v2\/users\/2"}],"replies":[{"embeddable":true,"href":"https:\/\/www.studiogera.de\/001\/wp-json\/wp\/v2\/comments?post=33284"}],"version-history":[{"count":1,"href":"https:\/\/www.studiogera.de\/001\/wp-json\/wp\/v2\/posts\/33284\/revisions"}],"predecessor-version":[{"id":33285,"href":"https:\/\/www.studiogera.de\/001\/wp-json\/wp\/v2\/posts\/33284\/revisions\/33285"}],"wp:featuredmedia":[{"embeddable":true,"href":"https:\/\/www.studiogera.de\/001\/wp-json\/wp\/v2\/media\/19004"}],"wp:attachment":[{"href":"https:\/\/www.studiogera.de\/001\/wp-json\/wp\/v2\/media?parent=33284"}],"wp:term":[{"taxonomy":"category","embeddable":true,"href":"https:\/\/www.studiogera.de\/001\/wp-json\/wp\/v2\/categories?post=33284"},{"taxonomy":"post_tag","embeddable":true,"href":"https:\/\/www.studiogera.de\/001\/wp-json\/wp\/v2\/tags?post=33284"}],"curies":[{"name":"wp","href":"https:\/\/api.w.org\/{rel}","templated":true}]}}