{"id":33737,"date":"2024-10-06T09:17:33","date_gmt":"2024-10-06T07:17:33","guid":{"rendered":"https:\/\/www.studiogera.de\/001\/?p=33737"},"modified":"2024-10-06T11:32:21","modified_gmt":"2024-10-06T09:32:21","slug":"unternehmen-werden-in-der-nutzung-persoenlicher-daten-eingeschraenkt","status":"publish","type":"post","link":"https:\/\/www.studiogera.de\/001\/2024\/10\/06\/unternehmen-werden-in-der-nutzung-persoenlicher-daten-eingeschraenkt\/","title":{"rendered":"UNTERNEHMEN WERDEN IN DER NUTZUNG PERS\u00d6NLICHER DATEN EINGESCHR\u00c4NKT"},"content":{"rendered":"\n<p>Darf der Facebook-Konzern Meta so viele Daten \u00fcber seine Nutzer sammeln, dass er beispielsweise personenbezogene Werbeanzeigen einblenden kann, und diese unbegrenzt lange speichern? Der \u00f6sterreichische Jurist, Autor und Datenschutzaktivist Maximilian Schrems verneint dies und klagte mit Erfolg vor dem Europ\u00e4ischen Gerichtshof. Er warf Meta vor, gegen die Datenschutz-Grundverordnung zu versto\u00dfen \u2014 insbesondere gegen den Grundsatz der Datenminimierung. Gem\u00e4\u00df diesem m\u00fcssen die Plattformen die Verarbeitung des Verhaltens ihrer Nutzer auf ein notwendiges Ma\u00df beschr\u00e4nken. Gegenw\u00e4rtig speichere Meta jedoch das gesamte Verhalten seiner Nutzer, kritisiert Schrems. Der Aktivist hatte bereits zwei spektakul\u00e4re Erfolge gegen Facebook erz\u00e4hlt.<\/p>\n\n\n\n<p>Mit seiner Entscheidung vom 4. Oktober 2024 schr\u00e4nkt der Europ\u00e4ische Gerichtshof die Nutzung pers\u00f6nlicher Daten durch Unternehmen nun ein, weil die unbegrenzte Sammlung und Verarbeitung von Nutzerdaten f\u00fcr Werbezwecke tats\u00e4chlich gegen die Datenschutzregeln der EU verst\u00f6\u00dft. Der Digitalverband Bitkom rechnet mit erheblichen Konsequenzen f\u00fcr die gesamte Digitalwirtschaft und spricht von unklaren Festlegungen zu dem Begrenzungen.<\/p>\n","protected":false},"excerpt":{"rendered":"<div class=\"mh-excerpt\"><p>Darf der Facebook-Konzern Meta so viele Daten \u00fcber seine Nutzer sammeln, dass er beispielsweise personenbezogene Werbeanzeigen einblenden kann, und diese unbegrenzt lange speichern? Der \u00f6sterreichische Jurist, Autor und Datenschutzaktivist Maximilian Schrems verneint dies und klagte <a class=\"mh-excerpt-more\" href=\"https:\/\/www.studiogera.de\/001\/2024\/10\/06\/unternehmen-werden-in-der-nutzung-persoenlicher-daten-eingeschraenkt\/\" title=\"UNTERNEHMEN WERDEN IN DER NUTZUNG PERS\u00d6NLICHER DATEN EINGESCHR\u00c4NKT\">[&#8230;]<\/a><\/p>\n<\/div>","protected":false},"author":2,"featured_media":4059,"comment_status":"open","ping_status":"open","sticky":false,"template":"","format":"standard","meta":{"footnotes":""},"categories":[17],"tags":[],"class_list":{"0":"post-33737","1":"post","2":"type-post","3":"status-publish","4":"format-standard","5":"has-post-thumbnail","7":"category-medien"},"_links":{"self":[{"href":"https:\/\/www.studiogera.de\/001\/wp-json\/wp\/v2\/posts\/33737","targetHints":{"allow":["GET"]}}],"collection":[{"href":"https:\/\/www.studiogera.de\/001\/wp-json\/wp\/v2\/posts"}],"about":[{"href":"https:\/\/www.studiogera.de\/001\/wp-json\/wp\/v2\/types\/post"}],"author":[{"embeddable":true,"href":"https:\/\/www.studiogera.de\/001\/wp-json\/wp\/v2\/users\/2"}],"replies":[{"embeddable":true,"href":"https:\/\/www.studiogera.de\/001\/wp-json\/wp\/v2\/comments?post=33737"}],"version-history":[{"count":2,"href":"https:\/\/www.studiogera.de\/001\/wp-json\/wp\/v2\/posts\/33737\/revisions"}],"predecessor-version":[{"id":33746,"href":"https:\/\/www.studiogera.de\/001\/wp-json\/wp\/v2\/posts\/33737\/revisions\/33746"}],"wp:featuredmedia":[{"embeddable":true,"href":"https:\/\/www.studiogera.de\/001\/wp-json\/wp\/v2\/media\/4059"}],"wp:attachment":[{"href":"https:\/\/www.studiogera.de\/001\/wp-json\/wp\/v2\/media?parent=33737"}],"wp:term":[{"taxonomy":"category","embeddable":true,"href":"https:\/\/www.studiogera.de\/001\/wp-json\/wp\/v2\/categories?post=33737"},{"taxonomy":"post_tag","embeddable":true,"href":"https:\/\/www.studiogera.de\/001\/wp-json\/wp\/v2\/tags?post=33737"}],"curies":[{"name":"wp","href":"https:\/\/api.w.org\/{rel}","templated":true}]}}