{"id":34258,"date":"2024-11-05T00:39:06","date_gmt":"2024-11-04T23:39:06","guid":{"rendered":"https:\/\/www.studiogera.de\/001\/?p=34258"},"modified":"2024-11-05T00:39:08","modified_gmt":"2024-11-04T23:39:08","slug":"feierliche-exmatrikulation-der-studenten-des-jahrgangs-2021","status":"publish","type":"post","link":"https:\/\/www.studiogera.de\/001\/2024\/11\/05\/feierliche-exmatrikulation-der-studenten-des-jahrgangs-2021\/","title":{"rendered":"FEIERLICHE EXMATRIKULATION DER STUDENTEN DES JAHRGANGS 2021"},"content":{"rendered":"\n<p>Am 26. Oktober 2024 fand an der Dualen Hochschule Gera-Eisenach die feierliche Exmatrikulation der Absolventen des Jahrgangs 2021 statt. In einer festlichen Atmosph\u00e4re wurden die erfolgreichen Studenten geb\u00fchrend geehrt und ihre hervorragenden Leistungen gew\u00fcrdigt. Die Stadtverwaltung Gera ist seit vielen Jahren ein verl\u00e4sslicher Praxispartner und freut sich \u00fcber den erfolgreichen Abschluss aller Studenten \u2014 besonders derer, die nun in den Dienst der Stadtverwaltung \u00fcbernommen werden. \u201eDie \u00dcbernahme von unseren Studierenden ist ein wichtiger Schritt f\u00fcr unsere Personalstrategie und einen nachhaltigen Beitrag zur Fachkr\u00e4fteentwicklung\u201d, erl\u00e4utert Oberb\u00fcrgermeister Kurt Dannenberg. \u201eWir sind \u00fcberzeugt, dass wir durch gezielte F\u00f6rderung und Integration von jungen Talenten nicht nur dem Fachkr\u00e4ftemangel entgegenwirken, sondern auch frischen Wind und innovative Ideen in unsere Verwaltung bringen\u201d, so Dannenberg weiter. Diese Personalentwicklungsma\u00dfnehme st\u00e4rkt das Image der Stadt als Arbeitgeber und f\u00f6rdert die Bindung junger Erwachsener an die Region. F\u00fcr die Stadt Gera werden aus dem Studiengang BWL Herr Felix Bieck sowie Frau Vanessa Ebert aus der Fachrichtung Soziale Arbeit \u00fcbernommen. Insgesamt wurden 264 Studenten mit der Matrikel 2021 an der DHGE exmatrikuliert.<\/p>\n\n\n\n<p>QUELLE: STADTVERWALTUNG<\/p>\n","protected":false},"excerpt":{"rendered":"<div class=\"mh-excerpt\"><p>Am 26. Oktober 2024 fand an der Dualen Hochschule Gera-Eisenach die feierliche Exmatrikulation der Absolventen des Jahrgangs 2021 statt. In einer festlichen Atmosph\u00e4re wurden die erfolgreichen Studenten geb\u00fchrend geehrt und ihre hervorragenden Leistungen gew\u00fcrdigt. Die <a class=\"mh-excerpt-more\" href=\"https:\/\/www.studiogera.de\/001\/2024\/11\/05\/feierliche-exmatrikulation-der-studenten-des-jahrgangs-2021\/\" title=\"FEIERLICHE EXMATRIKULATION DER STUDENTEN DES JAHRGANGS 2021\">[&#8230;]<\/a><\/p>\n<\/div>","protected":false},"author":2,"featured_media":34259,"comment_status":"open","ping_status":"open","sticky":false,"template":"","format":"standard","meta":{"footnotes":""},"categories":[3],"tags":[],"class_list":{"0":"post-34258","1":"post","2":"type-post","3":"status-publish","4":"format-standard","5":"has-post-thumbnail","7":"category-lokal"},"_links":{"self":[{"href":"https:\/\/www.studiogera.de\/001\/wp-json\/wp\/v2\/posts\/34258","targetHints":{"allow":["GET"]}}],"collection":[{"href":"https:\/\/www.studiogera.de\/001\/wp-json\/wp\/v2\/posts"}],"about":[{"href":"https:\/\/www.studiogera.de\/001\/wp-json\/wp\/v2\/types\/post"}],"author":[{"embeddable":true,"href":"https:\/\/www.studiogera.de\/001\/wp-json\/wp\/v2\/users\/2"}],"replies":[{"embeddable":true,"href":"https:\/\/www.studiogera.de\/001\/wp-json\/wp\/v2\/comments?post=34258"}],"version-history":[{"count":1,"href":"https:\/\/www.studiogera.de\/001\/wp-json\/wp\/v2\/posts\/34258\/revisions"}],"predecessor-version":[{"id":34260,"href":"https:\/\/www.studiogera.de\/001\/wp-json\/wp\/v2\/posts\/34258\/revisions\/34260"}],"wp:featuredmedia":[{"embeddable":true,"href":"https:\/\/www.studiogera.de\/001\/wp-json\/wp\/v2\/media\/34259"}],"wp:attachment":[{"href":"https:\/\/www.studiogera.de\/001\/wp-json\/wp\/v2\/media?parent=34258"}],"wp:term":[{"taxonomy":"category","embeddable":true,"href":"https:\/\/www.studiogera.de\/001\/wp-json\/wp\/v2\/categories?post=34258"},{"taxonomy":"post_tag","embeddable":true,"href":"https:\/\/www.studiogera.de\/001\/wp-json\/wp\/v2\/tags?post=34258"}],"curies":[{"name":"wp","href":"https:\/\/api.w.org\/{rel}","templated":true}]}}