{"id":34267,"date":"2024-11-05T16:00:08","date_gmt":"2024-11-05T15:00:08","guid":{"rendered":"https:\/\/www.studiogera.de\/001\/?p=34267"},"modified":"2024-11-05T16:00:09","modified_gmt":"2024-11-05T15:00:09","slug":"fassade-in-der-fritz-reuter-strasse-beschmiert","status":"publish","type":"post","link":"https:\/\/www.studiogera.de\/001\/2024\/11\/05\/fassade-in-der-fritz-reuter-strasse-beschmiert\/","title":{"rendered":"FASSADE IN DER FRITZ-REUTER-STRASSE BESCHMIERT"},"content":{"rendered":"\n<p>Mit blauer Farbe beschmierten unbekannte T\u00e4ter die Fassade eines Einfamilienhauses in der Fritz-Reuter-Stra\u00dfe und verursachten so Sachschaden. Die Eigent\u00fcmer des Hauses meldeten dies am 4. November 2024 der Geraer Polizei. Die Tatzeit l\u00e4sst sich auf den Zeitraum vom 30. bis 31. Oktober 2024 eingrenzen. Die Geraer Polizei nahm die Ermittlungen zum Fall mit der Bezugsnummer 0285177\/2024 auf und sucht nach Zeugen, welche Hinweise zu den bislang unbekannten T\u00e4tern geben k\u00f6nnen. Zeugen werden gebeten, sich unter der Rufnummer +493658290 zu melden.<\/p>\n","protected":false},"excerpt":{"rendered":"<div class=\"mh-excerpt\"><p>Mit blauer Farbe beschmierten unbekannte T\u00e4ter die Fassade eines Einfamilienhauses in der Fritz-Reuter-Stra\u00dfe und verursachten so Sachschaden. Die Eigent\u00fcmer des Hauses meldeten dies am 4. November 2024 der Geraer Polizei. Die Tatzeit l\u00e4sst sich auf <a class=\"mh-excerpt-more\" href=\"https:\/\/www.studiogera.de\/001\/2024\/11\/05\/fassade-in-der-fritz-reuter-strasse-beschmiert\/\" title=\"FASSADE IN DER FRITZ-REUTER-STRASSE BESCHMIERT\">[&#8230;]<\/a><\/p>\n<\/div>","protected":false},"author":2,"featured_media":9356,"comment_status":"open","ping_status":"open","sticky":false,"template":"","format":"standard","meta":{"footnotes":""},"categories":[13],"tags":[],"class_list":{"0":"post-34267","1":"post","2":"type-post","3":"status-publish","4":"format-standard","5":"has-post-thumbnail","7":"category-polizeiberichte"},"_links":{"self":[{"href":"https:\/\/www.studiogera.de\/001\/wp-json\/wp\/v2\/posts\/34267","targetHints":{"allow":["GET"]}}],"collection":[{"href":"https:\/\/www.studiogera.de\/001\/wp-json\/wp\/v2\/posts"}],"about":[{"href":"https:\/\/www.studiogera.de\/001\/wp-json\/wp\/v2\/types\/post"}],"author":[{"embeddable":true,"href":"https:\/\/www.studiogera.de\/001\/wp-json\/wp\/v2\/users\/2"}],"replies":[{"embeddable":true,"href":"https:\/\/www.studiogera.de\/001\/wp-json\/wp\/v2\/comments?post=34267"}],"version-history":[{"count":1,"href":"https:\/\/www.studiogera.de\/001\/wp-json\/wp\/v2\/posts\/34267\/revisions"}],"predecessor-version":[{"id":34268,"href":"https:\/\/www.studiogera.de\/001\/wp-json\/wp\/v2\/posts\/34267\/revisions\/34268"}],"wp:featuredmedia":[{"embeddable":true,"href":"https:\/\/www.studiogera.de\/001\/wp-json\/wp\/v2\/media\/9356"}],"wp:attachment":[{"href":"https:\/\/www.studiogera.de\/001\/wp-json\/wp\/v2\/media?parent=34267"}],"wp:term":[{"taxonomy":"category","embeddable":true,"href":"https:\/\/www.studiogera.de\/001\/wp-json\/wp\/v2\/categories?post=34267"},{"taxonomy":"post_tag","embeddable":true,"href":"https:\/\/www.studiogera.de\/001\/wp-json\/wp\/v2\/tags?post=34267"}],"curies":[{"name":"wp","href":"https:\/\/api.w.org\/{rel}","templated":true}]}}