{"id":34269,"date":"2024-11-05T16:03:20","date_gmt":"2024-11-05T15:03:20","guid":{"rendered":"https:\/\/www.studiogera.de\/001\/?p=34269"},"modified":"2024-11-05T16:04:00","modified_gmt":"2024-11-05T15:04:00","slug":"unfallflucht-in-der-siedlung-elstertal-fahrer-gestellt","status":"publish","type":"post","link":"https:\/\/www.studiogera.de\/001\/2024\/11\/05\/unfallflucht-in-der-siedlung-elstertal-fahrer-gestellt\/","title":{"rendered":"UNFALLFLUCHT IN DER SIEDLUNG ELSTERTAL \u2014 FAHRER GESTELLT"},"content":{"rendered":"\n<p>Zeugen meldeten der Geraer Polizei am 4. November 2024 eine Unfallflucht in der Siedlung Elstertal in Gera. Demnach kollidierte gegen 18.40 Uhr ein Peugeot mit einem Gartenzaun und folgend mit einem geparkten PKW VW. Der Fahrer hielt jedoch nicht pflichtgem\u00e4\u00df an, sondern setzte seine Fahrt einfach fort. Im Zuge der daraufhin eingeleiteten Fahndung nach dem fl\u00fcchtigen Peugeot konnte dieser, nicht zuletzt durch den Hinweis eines Zeugen, in der Keplerstra\u00dfe\/Wiesestra\u00dfe gestellt werden. Der 31-j\u00e4hrige Fahrer stand deutlich sichtbar unter dem Einfluss von Alkohol, sodass er zur Blutentnahme ins Krankenhaus kam. F\u00fcr sein Verhalten muss er sich nun strafrechtlich verantworten.<\/p>\n","protected":false},"excerpt":{"rendered":"<div class=\"mh-excerpt\"><p>Zeugen meldeten der Geraer Polizei am 4. November 2024 eine Unfallflucht in der Siedlung Elstertal in Gera. Demnach kollidierte gegen 18.40 Uhr ein Peugeot mit einem Gartenzaun und folgend mit einem geparkten PKW VW. Der <a class=\"mh-excerpt-more\" href=\"https:\/\/www.studiogera.de\/001\/2024\/11\/05\/unfallflucht-in-der-siedlung-elstertal-fahrer-gestellt\/\" title=\"UNFALLFLUCHT IN DER SIEDLUNG ELSTERTAL \u2014 FAHRER GESTELLT\">[&#8230;]<\/a><\/p>\n<\/div>","protected":false},"author":2,"featured_media":9357,"comment_status":"open","ping_status":"open","sticky":false,"template":"","format":"standard","meta":{"footnotes":""},"categories":[13],"tags":[],"class_list":{"0":"post-34269","1":"post","2":"type-post","3":"status-publish","4":"format-standard","5":"has-post-thumbnail","7":"category-polizeiberichte"},"_links":{"self":[{"href":"https:\/\/www.studiogera.de\/001\/wp-json\/wp\/v2\/posts\/34269","targetHints":{"allow":["GET"]}}],"collection":[{"href":"https:\/\/www.studiogera.de\/001\/wp-json\/wp\/v2\/posts"}],"about":[{"href":"https:\/\/www.studiogera.de\/001\/wp-json\/wp\/v2\/types\/post"}],"author":[{"embeddable":true,"href":"https:\/\/www.studiogera.de\/001\/wp-json\/wp\/v2\/users\/2"}],"replies":[{"embeddable":true,"href":"https:\/\/www.studiogera.de\/001\/wp-json\/wp\/v2\/comments?post=34269"}],"version-history":[{"count":1,"href":"https:\/\/www.studiogera.de\/001\/wp-json\/wp\/v2\/posts\/34269\/revisions"}],"predecessor-version":[{"id":34270,"href":"https:\/\/www.studiogera.de\/001\/wp-json\/wp\/v2\/posts\/34269\/revisions\/34270"}],"wp:featuredmedia":[{"embeddable":true,"href":"https:\/\/www.studiogera.de\/001\/wp-json\/wp\/v2\/media\/9357"}],"wp:attachment":[{"href":"https:\/\/www.studiogera.de\/001\/wp-json\/wp\/v2\/media?parent=34269"}],"wp:term":[{"taxonomy":"category","embeddable":true,"href":"https:\/\/www.studiogera.de\/001\/wp-json\/wp\/v2\/categories?post=34269"},{"taxonomy":"post_tag","embeddable":true,"href":"https:\/\/www.studiogera.de\/001\/wp-json\/wp\/v2\/tags?post=34269"}],"curies":[{"name":"wp","href":"https:\/\/api.w.org\/{rel}","templated":true}]}}