{"id":34288,"date":"2024-11-06T12:42:11","date_gmt":"2024-11-06T11:42:11","guid":{"rendered":"https:\/\/www.studiogera.de\/001\/?p=34288"},"modified":"2024-11-06T12:42:12","modified_gmt":"2024-11-06T11:42:12","slug":"ard-und-zdf-berichten-voreingenommen-ueber-die-us-wahl","status":"publish","type":"post","link":"https:\/\/www.studiogera.de\/001\/2024\/11\/06\/ard-und-zdf-berichten-voreingenommen-ueber-die-us-wahl\/","title":{"rendered":"ARD UND ZDF BERICHTEN VOREINGENOMMEN \u00dcBER DIE US-WAHL"},"content":{"rendered":"\n<p>Wer in der Nacht vom 5. zum 6. November 2024 die Sendungen zu den Pr\u00e4sidentschaftswahlen in den USA verfolgt hat, konnte die ideologische Befangenheit der Moderatoren und Reporter unschwer erkennen. Es wurde im ZDF von einer Umfrage unter den Mitarbeitern berichtet, in der Kamala Harris deutlich vorn lag und Donald Trump nur sehr wenige F\u00fcrsprecher hatte. Auch die G\u00e4ste im Studio h\u00e4tten \u2014 anders war es auch nicht zu erwarten \u2014 allesamt Kamala Harris gew\u00e4hlt. Jedenfalls wollte auf Nachfrage niemand die Hand f\u00fcr Donald Trump heben.<\/p>\n\n\n\n<p>Je deutlicher sich dann der Sieg des Republikaners abzeichnete, desto mehr hoffte man auf eine \u00dcberraschung aus den Wechselw\u00e4hlerstaaten. Die kam auch \u2014 allerdings nicht in der Weise, wie es sich die Fernsehleute erhofft hatten. Die pers\u00f6nliche politische Haltung hat offenbar ihren Realit\u00e4tssinn beeintr\u00e4chtigt. V\u00f6llig unklar ist, wie ZDF-Korrespondent Elmar Theve\u00dfen zu seinen Einsch\u00e4tzungen kommt. Lange Zeit hat er Kamala Harris in F\u00fchrung gesehen und auch von entsprechenden Umfragen berichtet. Vermutlich befindet sich der gesamte Sender selbst in einer ideologischen Blase und wei\u00df nicht mehr, was au\u00dferhalb dieser wirklich vor sich geht. Das Pro-Contra-Verh\u00e4ltnis der ausgew\u00e4hlten G\u00e4ste l\u00e4sst ebenfalls eine deutliche Voreingenommenheit erkennen. Die W\u00e4hler Trumps werden dargestellt wie geistig degenerierte Problemb\u00fcrger, denen die Preise der Eier im Supermarkt wichtiger sind als die Demokratie und das Klima, die mit Vernunft nicht mehr zu erreichen sind und einer L\u00fcge aufsitzen. Offenbar ist man genau deshalb 9000 Kilometer durchs Land gefahren, um Leute herauszusuchen, die am besten zu dieser Erz\u00e4hlung passen.<\/p>\n\n\n\n<p>Die einseitige Darstellung der Realit\u00e4t im Rundfunk f\u00fchrte letztendlich zu Umfrageergebnissen, wonach die meisten Deutschen glauben, Kamala Harris werde die Wahl gewinnen. Auch Ingo Zamperoni hat mit seinem mutma\u00dflich beabsichtigten Versprecher deutlich gemacht, dass er nicht mehr in der Lage ist, neutral zu moderieren, wenn der Sieg seiner Heilsbringerin immer unwahrscheinlicher wird. Im ARD-Fernsehen sagte er im Gespr\u00e4ch mit der Politikwissenschaftlerin Liana Fix:<\/p>\n\n\n\n<blockquote class=\"wp-block-quote is-layout-flow wp-block-quote-is-layout-flow\">\n<p>Wir haben&#8217;s gerade geh\u00f6rt: Donald Duck \u2026 Trump w\u00fcrde eine Wahlniederlage vermutlich nicht akzeptieren. Aber was passiert dann; was wird dann bef\u00fcrchtet?<\/p>\n<\/blockquote>\n\n\n\n<p>Offensichtlich hat der erfahrene Sprecher vergessen, dass der \u00f6ffentlich-rechtliche Rundfunk gerade wegen seiner Unausgewogenheit, des Framings und ebensolcher &#8222;Patzer&#8220; in der Kritik steht. Sp\u00e4testens nach den Sendungen zur US-Wahl kann man die Bedenken als nachvollziehbar ansehen.<\/p>\n","protected":false},"excerpt":{"rendered":"<div class=\"mh-excerpt\"><p>Wer in der Nacht vom 5. zum 6. November 2024 die Sendungen zu den Pr\u00e4sidentschaftswahlen in den USA verfolgt hat, konnte die ideologische Befangenheit der Moderatoren und Reporter unschwer erkennen. Es wurde im ZDF von <a class=\"mh-excerpt-more\" href=\"https:\/\/www.studiogera.de\/001\/2024\/11\/06\/ard-und-zdf-berichten-voreingenommen-ueber-die-us-wahl\/\" title=\"ARD UND ZDF BERICHTEN VOREINGENOMMEN \u00dcBER DIE US-WAHL\">[&#8230;]<\/a><\/p>\n<\/div>","protected":false},"author":2,"featured_media":34289,"comment_status":"open","ping_status":"open","sticky":false,"template":"","format":"standard","meta":{"footnotes":""},"categories":[17],"tags":[],"class_list":{"0":"post-34288","1":"post","2":"type-post","3":"status-publish","4":"format-standard","5":"has-post-thumbnail","7":"category-medien"},"_links":{"self":[{"href":"https:\/\/www.studiogera.de\/001\/wp-json\/wp\/v2\/posts\/34288","targetHints":{"allow":["GET"]}}],"collection":[{"href":"https:\/\/www.studiogera.de\/001\/wp-json\/wp\/v2\/posts"}],"about":[{"href":"https:\/\/www.studiogera.de\/001\/wp-json\/wp\/v2\/types\/post"}],"author":[{"embeddable":true,"href":"https:\/\/www.studiogera.de\/001\/wp-json\/wp\/v2\/users\/2"}],"replies":[{"embeddable":true,"href":"https:\/\/www.studiogera.de\/001\/wp-json\/wp\/v2\/comments?post=34288"}],"version-history":[{"count":1,"href":"https:\/\/www.studiogera.de\/001\/wp-json\/wp\/v2\/posts\/34288\/revisions"}],"predecessor-version":[{"id":34290,"href":"https:\/\/www.studiogera.de\/001\/wp-json\/wp\/v2\/posts\/34288\/revisions\/34290"}],"wp:featuredmedia":[{"embeddable":true,"href":"https:\/\/www.studiogera.de\/001\/wp-json\/wp\/v2\/media\/34289"}],"wp:attachment":[{"href":"https:\/\/www.studiogera.de\/001\/wp-json\/wp\/v2\/media?parent=34288"}],"wp:term":[{"taxonomy":"category","embeddable":true,"href":"https:\/\/www.studiogera.de\/001\/wp-json\/wp\/v2\/categories?post=34288"},{"taxonomy":"post_tag","embeddable":true,"href":"https:\/\/www.studiogera.de\/001\/wp-json\/wp\/v2\/tags?post=34288"}],"curies":[{"name":"wp","href":"https:\/\/api.w.org\/{rel}","templated":true}]}}