{"id":34293,"date":"2024-11-06T17:22:03","date_gmt":"2024-11-06T16:22:03","guid":{"rendered":"https:\/\/www.studiogera.de\/001\/?p=34293"},"modified":"2024-11-06T17:22:04","modified_gmt":"2024-11-06T16:22:04","slug":"information-zur-beseitigung-von-herbstlaub-3","status":"publish","type":"post","link":"https:\/\/www.studiogera.de\/001\/2024\/11\/06\/information-zur-beseitigung-von-herbstlaub-3\/","title":{"rendered":"INFORMATION ZUR BESEITIGUNG VON HERBSTLAUB"},"content":{"rendered":"\n<p><em>Die Stadtverwaltung informiert \u00fcber die Beseitigung von Herbstlaub im Anliegerbereich.<\/em><\/p>\n\n\n\n<p>Gem\u00e4\u00df Stra\u00dfenreinigungssatzung der Stadt Gera sind Eigent\u00fcmer und Besitzer von bebauten und unbebauten Grundst\u00fccken, die durch \u00f6ffentliche Stra\u00dfen erschlossen werden, zur w\u00f6chentlichen Reinigung der jeweiligen Anliegerbereiche, wie Gehwege, Gr\u00fcnstreifen und Treppenanlagen verpflichtet. Sofern nach Stra\u00dfenreinigungssatzung in der jeweiligen Stra\u00dfe keine \u00f6ffentliche Stra\u00dfenreinigung erfolgt, besteht dar\u00fcber hinaus auch die Pflicht zur Reinigung der Fahrbahn bis hin zur Stra\u00dfenmitte. Bei starkem Laubfall sind die Reinigungsarbeiten zur Verhinderung von Unf\u00e4llen in entsprechend k\u00fcrzeren Abst\u00e4nden auszuf\u00fchren, notfalls t\u00e4glich. Das Herbstlaub ist unter Beachtung der Bestimmungen der Abfallwirtschaftssatzung des Abfallwirtschaftszweckverbandes Ostth\u00fcringen zu entsorgen und darf auf keinen Fall vom Gehweg auf die Fahrbahn bzw. in die Stra\u00dfenrinne gekehrt werden.<\/p>\n\n\n\n<p>QUELLE: STADTVERWALTUNG<\/p>\n","protected":false},"excerpt":{"rendered":"<div class=\"mh-excerpt\"><p>Die Stadtverwaltung informiert \u00fcber die Beseitigung von Herbstlaub im Anliegerbereich. Gem\u00e4\u00df Stra\u00dfenreinigungssatzung der Stadt Gera sind Eigent\u00fcmer und Besitzer von bebauten und unbebauten Grundst\u00fccken, die durch \u00f6ffentliche Stra\u00dfen erschlossen werden, zur w\u00f6chentlichen Reinigung der jeweiligen <a class=\"mh-excerpt-more\" href=\"https:\/\/www.studiogera.de\/001\/2024\/11\/06\/information-zur-beseitigung-von-herbstlaub-3\/\" title=\"INFORMATION ZUR BESEITIGUNG VON HERBSTLAUB\">[&#8230;]<\/a><\/p>\n<\/div>","protected":false},"author":2,"featured_media":27460,"comment_status":"open","ping_status":"open","sticky":false,"template":"","format":"standard","meta":{"footnotes":""},"categories":[16],"tags":[],"class_list":{"0":"post-34293","1":"post","2":"type-post","3":"status-publish","4":"format-standard","5":"has-post-thumbnail","7":"category-kurzmitteilungen"},"_links":{"self":[{"href":"https:\/\/www.studiogera.de\/001\/wp-json\/wp\/v2\/posts\/34293","targetHints":{"allow":["GET"]}}],"collection":[{"href":"https:\/\/www.studiogera.de\/001\/wp-json\/wp\/v2\/posts"}],"about":[{"href":"https:\/\/www.studiogera.de\/001\/wp-json\/wp\/v2\/types\/post"}],"author":[{"embeddable":true,"href":"https:\/\/www.studiogera.de\/001\/wp-json\/wp\/v2\/users\/2"}],"replies":[{"embeddable":true,"href":"https:\/\/www.studiogera.de\/001\/wp-json\/wp\/v2\/comments?post=34293"}],"version-history":[{"count":1,"href":"https:\/\/www.studiogera.de\/001\/wp-json\/wp\/v2\/posts\/34293\/revisions"}],"predecessor-version":[{"id":34294,"href":"https:\/\/www.studiogera.de\/001\/wp-json\/wp\/v2\/posts\/34293\/revisions\/34294"}],"wp:featuredmedia":[{"embeddable":true,"href":"https:\/\/www.studiogera.de\/001\/wp-json\/wp\/v2\/media\/27460"}],"wp:attachment":[{"href":"https:\/\/www.studiogera.de\/001\/wp-json\/wp\/v2\/media?parent=34293"}],"wp:term":[{"taxonomy":"category","embeddable":true,"href":"https:\/\/www.studiogera.de\/001\/wp-json\/wp\/v2\/categories?post=34293"},{"taxonomy":"post_tag","embeddable":true,"href":"https:\/\/www.studiogera.de\/001\/wp-json\/wp\/v2\/tags?post=34293"}],"curies":[{"name":"wp","href":"https:\/\/api.w.org\/{rel}","templated":true}]}}