{"id":34300,"date":"2024-11-06T22:06:02","date_gmt":"2024-11-06T21:06:02","guid":{"rendered":"https:\/\/www.studiogera.de\/001\/?p=34300"},"modified":"2024-11-06T22:06:03","modified_gmt":"2024-11-06T21:06:03","slug":"erweiterung-der-tagesordnung-der-sitzung-des-ausschusses-fuer-wirtschaft-und-stadtentwicklung","status":"publish","type":"post","link":"https:\/\/www.studiogera.de\/001\/2024\/11\/06\/erweiterung-der-tagesordnung-der-sitzung-des-ausschusses-fuer-wirtschaft-und-stadtentwicklung\/","title":{"rendered":"ERWEITERUNG DER TAGESORDNUNG DER SITZUNG DES AUSSCHUSSES F\u00dcR WIRTSCHAFT UND STADTENTWICKLUNG"},"content":{"rendered":"\n<p>Mit Bezug auf die ver\u00f6ffentlichte Tagesordnung im Amtsblatt 44\/24 wurde der Tagesordnungspunkt f\u00fcnf zur Sitzung des Ausschusses f\u00fcr Wirtschaft und Stadtentwicklung am 7. November 2024 aufgenommen. Unter diesem geht es um die \u201e\u00dcberpr\u00fcfung der Stra\u00dfenbahnbeschaffung 2023 durch das Rechnungspr\u00fcfungsamt der Stadt Gera\u201d. Die nachfolgenden Tagesordnungspunkte verschieben sich entsprechend.<\/p>\n","protected":false},"excerpt":{"rendered":"<div class=\"mh-excerpt\"><p>Mit Bezug auf die ver\u00f6ffentlichte Tagesordnung im Amtsblatt 44\/24 wurde der Tagesordnungspunkt f\u00fcnf zur Sitzung des Ausschusses f\u00fcr Wirtschaft und Stadtentwicklung am 7. November 2024 aufgenommen. Unter diesem geht es um die \u201e\u00dcberpr\u00fcfung der Stra\u00dfenbahnbeschaffung <a class=\"mh-excerpt-more\" href=\"https:\/\/www.studiogera.de\/001\/2024\/11\/06\/erweiterung-der-tagesordnung-der-sitzung-des-ausschusses-fuer-wirtschaft-und-stadtentwicklung\/\" title=\"ERWEITERUNG DER TAGESORDNUNG DER SITZUNG DES AUSSCHUSSES F\u00dcR WIRTSCHAFT UND STADTENTWICKLUNG\">[&#8230;]<\/a><\/p>\n<\/div>","protected":false},"author":2,"featured_media":22603,"comment_status":"open","ping_status":"open","sticky":false,"template":"","format":"standard","meta":{"footnotes":""},"categories":[16],"tags":[],"class_list":{"0":"post-34300","1":"post","2":"type-post","3":"status-publish","4":"format-standard","5":"has-post-thumbnail","7":"category-kurzmitteilungen"},"_links":{"self":[{"href":"https:\/\/www.studiogera.de\/001\/wp-json\/wp\/v2\/posts\/34300","targetHints":{"allow":["GET"]}}],"collection":[{"href":"https:\/\/www.studiogera.de\/001\/wp-json\/wp\/v2\/posts"}],"about":[{"href":"https:\/\/www.studiogera.de\/001\/wp-json\/wp\/v2\/types\/post"}],"author":[{"embeddable":true,"href":"https:\/\/www.studiogera.de\/001\/wp-json\/wp\/v2\/users\/2"}],"replies":[{"embeddable":true,"href":"https:\/\/www.studiogera.de\/001\/wp-json\/wp\/v2\/comments?post=34300"}],"version-history":[{"count":1,"href":"https:\/\/www.studiogera.de\/001\/wp-json\/wp\/v2\/posts\/34300\/revisions"}],"predecessor-version":[{"id":34301,"href":"https:\/\/www.studiogera.de\/001\/wp-json\/wp\/v2\/posts\/34300\/revisions\/34301"}],"wp:featuredmedia":[{"embeddable":true,"href":"https:\/\/www.studiogera.de\/001\/wp-json\/wp\/v2\/media\/22603"}],"wp:attachment":[{"href":"https:\/\/www.studiogera.de\/001\/wp-json\/wp\/v2\/media?parent=34300"}],"wp:term":[{"taxonomy":"category","embeddable":true,"href":"https:\/\/www.studiogera.de\/001\/wp-json\/wp\/v2\/categories?post=34300"},{"taxonomy":"post_tag","embeddable":true,"href":"https:\/\/www.studiogera.de\/001\/wp-json\/wp\/v2\/tags?post=34300"}],"curies":[{"name":"wp","href":"https:\/\/api.w.org\/{rel}","templated":true}]}}